{"id":1969,"date":"2019-04-27T13:42:43","date_gmt":"2019-04-27T11:42:43","guid":{"rendered":"http:\/\/melonic.be\/j\/?p=1969"},"modified":"2019-04-27T13:42:43","modified_gmt":"2019-04-27T11:42:43","slug":"nicole-parcours-et-entraide","status":"publish","type":"post","link":"https:\/\/melonic.be\/j\/nicole-parcours-et-entraide\/","title":{"rendered":"Nicole\u00a0: Parcours et entraide."},"content":{"rendered":"<p><strong>Qui sommes-nous, Am\u00e9lie et moi\u00a0?<\/strong><\/p>\n<p>Am\u00e9lie, est ma fille unique. Elle est partie de l\u2019autre c\u00f4t\u00e9 du voile il y a\u00a011 ans maintenant, dans le contexte d\u2019un accident de voiture. Elle allait avoir 22 ans.<\/p>\n<p>Nous avons v\u00e9cu pas loin de 2\/3 de sa vie, nous 2, dans une tr\u00e8s grande complicit\u00e9 et un dialogue transparent dans l\u2019amour.<\/p>\n<p>Nous avons eu une vie avec des hauts et des bas, mat\u00e9riellement parlant, mais jamais une vie fig\u00e9e. Nous avons beaucoup voyag\u00e9, visit\u00e9 plusieurs cultures, fait beaucoup de rencontres, nous nous sommes beaucoup amus\u00e9es, nous avons beaucoup ri, et parfois bien pleur\u00e9.<\/p>\n<p>Si j\u2019ai modifi\u00e9 mon nom de famille initial, en M\u00e9lonic, c\u2019est parce que ce M\u00e9lonic, est une contraction de M\u00e9lo (diminutif que je donnais \u00e0 Am\u00e9lie, ainsi que beaucoup de ses amis) et Nic, mon diminutif.<\/p>\n<p>D\u2019o\u00f9 ce M\u00e9lonic.<\/p>\n<p>Je n\u2019\u00e9tais pas vraiment d\u2019une nature destin\u00e9e \u00e0 vivre du paranormal.<\/p>\n<p>D\u2019abord et pour une majeure partie, je suis d\u2019un temp\u00e9rament rationnel, cart\u00e9sien.<\/p>\n<p>Un de mes besoins est\u00a0: la compr\u00e9hension et je pratique la lucidit\u00e9, comme une seconde nature.<\/p>\n<p>Avant, j\u2019\u00e9tais aussi organis\u00e9e, logique, pragmatique, math\u00e9matique.<\/p>\n<p>J\u2019ai une formation de professeur de fran\u00e7ais, mais elle date maintenant\u2026J\u2019ai enseign\u00e9 quelques ann\u00e9es, puis me suis dirig\u00e9e vers le commercial et principalement le commercial m\u00e9dical par le biais de l\u2019industrie pharmaceutique.<\/p>\n<p>Donc, entre le scientifique et le pragmatisme, cela ne me pr\u00e9disposait pas vraiment, \u00e0 ce que l\u2019on appelle le paranormal.<\/p>\n<p>Mais tr\u00e8s honn\u00eatement, apr\u00e8s tout ce chemin et ces nombreux et merveilleux cadeaux de ma fille, je ne me sens plus du tout vivre du paranormal, juste du normal au quotidien.<\/p>\n<p>Normal, pour moi, cet \u00e9tat de r\u00e9ception et normal aussi tout ce que l\u2019on peut recevoir de l\u2019autre vie.<\/p>\n<p>Ne croyez pas pour autant, que je devienne indiff\u00e9rente \u00e0 ce que je re\u00e7ois. Au contraire\u00a0! C\u2019est tellement magique, f\u00e9\u00e9rique\u00a0! Cela booste pour plusieurs jours\u00a0et j\u2019en ai encore bien besoin. En effet, je souffre aussi, de l\u2019absence physique de ma fille, comme tous les parents. Et je suis aussi, bien contente de trouver de l\u2019aide, de temps \u00e0 autre.<\/p>\n<p>A c\u00f4t\u00e9 de ce temp\u00e9rament \u00ab\u00a0vierge sage\u00a0\u00bb, est aussi solidement ancr\u00e9 un c\u00f4t\u00e9 \u00ab\u00a0vierge folle\u00a0\u00bb qui faisait d\u2019ailleurs le bonheur de ma fille, qui elle, est principalement une \u00ab\u00a0grande riante\u00a0\u00bb (termes re\u00e7us encore r\u00e9cemment, par Maguy, en \u00e9criture automatique) et qui a une \u00e2me d\u2019artiste surtout, avec toute la sensibilit\u00e9, la recherche, les conflits ou la spiritualit\u00e9 que cela suppose.<\/p>\n<p><strong>Quel est donc ce parcours que j\u2019ai r\u00e9alis\u00e9, avec la certitude que je pourrais communiquer avec Am\u00e9lie ?<\/strong><\/p>\n<p>Il est assez vaste et tr\u00e8s vari\u00e9 en contacts divers, surtout les 76 premi\u00e8res ann\u00e9es.<\/p>\n<p>Nous avions d\u00e9j\u00e0 parl\u00e9 ensemble, Am\u00e9lie et moi, de la mort du corps physique, de ce qu\u2019il pouvait y avoir apr\u00e8s, de l\u2019existence ou non d\u2019un Dieu ou d\u2019une puissance sup\u00e9rieure, bref, de notre existence bien plus vaste, que le ici et maintenant. Am\u00e9lie se pr\u00e9occupait beaucoup de ce sujet.\u00a0 Nous avions toute deux le m\u00eame sentiment, qu\u2019apr\u00e8s la mort physique, autre chose nous attendait.<\/p>\n<p>D\u00e8s qu\u2019elle m\u2019a \u00e9t\u00e9 rendue, apr\u00e8s la morgue et l\u2019autopsie, je lui ai parl\u00e9 de la m\u00eame fa\u00e7on que si elle \u00e9tait toujours l\u00e0, comme je le fais toujours maintenant, d\u2019ailleurs.<\/p>\n<p>Je comprends que ce que j\u2019\u00e9cris, pourrait \u00eatre consid\u00e9r\u00e9 comme une forme de d\u00e9ni de la r\u00e9alit\u00e9.<br \/>\nJe suis et je veux rester lucide sur les m\u00e9canismes de l\u2019esprit, du cerveau.<br \/>\nMais hormis, notre cerveau, nous sommes aussi faits d\u2019instincts, d\u2019\u00e9motions, de certitudes, de savoirs, dont certains, \u00e9manent \u00e0 mon sens, beaucoup plus de notre \u00eatre profond, de notre \u00e2me, m\u00eame si on ne sait pas toujours l\u2019\u00e9couter.<\/p>\n<p>C\u2019est cette partie de moi, qui n\u2019a cess\u00e9 de chercher Am\u00e9lie, contre toute logique.<br \/>\nO\u00f9 \u00e9tait-elle ? Comment allait-elle ? Que faire pour elle ?\u00a0 Elle \u00e9tait partie, seule, vers un autre monde dont j\u2019ignorais tout.<br \/>\nJ\u2019\u00e9tais quand m\u00eame sa m\u00e8re, \u00ab sa mamaman d\u2019amour \u00bb, comme elle me disait encore \u00e0 21 ans et elle a toujours su que je serais toujours avec elle.<br \/>\nIl me fallait donc trouver le moyen, des moyens de contact.<br \/>\nJ\u2019ai tellement demand\u00e9 ces contacts, qu\u2019on allait bien me r\u00e9pondre !<\/p>\n<p>Dans les 2 semaines qui ont suivi son envol, ma voisine Monique, m\u2019a pr\u00eat\u00e9 mon premier livre : \u00ab La vie apr\u00e8s la vie \u00bb du Dr. Moody. A partir de l\u00e0, j\u2019ai trouv\u00e9 les autres. J\u2019en ai d\u00e9vor\u00e9s des quantit\u00e9s.<br \/>\nJe devais comprendre, mettre des mots sur ce que je ressentais. J\u2019avais besoin de l\u2019exp\u00e9rience des autres, de ces personnes cart\u00e9siennes \u00e9galement et intelligentes, qui avaient v\u00e9cu des ph\u00e9nom\u00e8nes hors du commun et qui acceptaient de partager leur exp\u00e9rience et leur savoir.<\/p>\n<p><strong><br \/>\nA\/ Les signes :<\/strong><\/p>\n<p>En parall\u00e8le, \u00e0 mes lectures, j\u2019ai demand\u00e9 des signes \u00e0 Am\u00e9lie. Elle me les a donn\u00e9s.<br \/>\nA deux reprises, son eau de toilette s\u2019est promen\u00e9e sous mon nez, dans diff\u00e9rentes pi\u00e8ces de la maison.<br \/>\nJ\u2019\u00e9tais sur la bonne voie mais je voulais plus ; je souhaitais aussi des signes \u00e0 la demande, qui repr\u00e9senteraient plus une sorte de dialogue.<\/p>\n<p>Alors, j\u2019ai commenc\u00e9 par lui demander que le soleil transparaisse, \u00e0 des moments pr\u00e9cis quand le ciel \u00e9tait plomb\u00e9.<br \/>\nPourquoi le soleil ? Parce que lors de la fin de la messe de ses fun\u00e9railles, nous avons fait une halte sur le parvis de la cath\u00e9drale et \u00e0 ce moment-l\u00e0, nous avons \u00e9t\u00e9 baign\u00e9es par un magnifique soleil, ce 26 septembre.<br \/>\nCette lumi\u00e8re, a laiss\u00e9 en moi, une empreinte telle, que cela a du \u00eatre la raison de mes demandes.<\/p>\n<p>Je l\u2019admets, cela peut para\u00eetre totalement simpliste ou irrationnel, et la rationnelle que je suis, es un peu g\u00ean\u00e9e d\u2019en parler, surtout r\u00e9trospectivement, mais je veux rester honn\u00eate, cela a fait partie de mes premiers signes. Peut-\u00eatre, que ces jeux avec le soleil, n\u2019\u00e9taient que pour me pr\u00e9parer, ou me tester, \u00e0 \u00eatre r\u00e9ceptive et \u00e0 recevoir plus, dans le futur.<\/p>\n<p>J\u2019ai eu satisfaction \u00e0 mes demandes. Par exemple, le jour le jour de sa naissance, un mois apr\u00e8s son d\u00e9part, le 22 octobre. A l\u2019heure pr\u00e9cise de sa naissance, un beau rayon de soleil est venu inonder ma terrasse, o\u00f9 je m\u2019\u00e9tais post\u00e9e, en le demandant. Il faisait pourtant assez maussade, mais j\u2019ai re\u00e7u mon rayon de soleil, \u00e0 la demande.<\/p>\n<p>M\u00eame chose en novembre, lors d\u2019une promenade dans les bois d\u2019Ardenne, o\u00f9 je me suis arr\u00eat\u00e9e et o\u00f9 j\u2019ai cri\u00e9 son pr\u00e9nom tr\u00e8s fort et je l\u2019ai suppli\u00e9e : Ma fille, si tu me vois, si tu m\u2019entends, que le soleil apparaisse ente ces 2 s\u00e9ries de sapins, au loin. Je peux vous dire que je ne savais pas du tout o\u00f9 en \u00e9tait la course du soleil, on ne le voyait pas du tout.<\/p>\n<p>Et pourtant quelques instants apr\u00e8s, il \u00e9tait l\u00e0 o\u00f9 je l\u2019avais souhait\u00e9. Cela a dur\u00e9 tr\u00e8s peu de temps, mais il \u00e9tait bien l\u00e0.<\/p>\n<p>Tout cela n\u2019\u00e9tait peut-\u00eatre que de belles co\u00efncidences, mais ce que j\u2019en ai retenu, c\u2019est : \u00ab Demandez et il vous sera donn\u00e9. \u00bb<\/p>\n<p>Je n\u2019ai pas \u00e9t\u00e9 une preneuse de notes des signes de M\u00e9lo, je me suis content\u00e9e de les vivre intens\u00e9ment et de m\u2019en nourrir. Il y en a donc beaucoup qui se sont estomp\u00e9s de ma m\u00e9moire, je n\u2019ai retenu que le haut de l\u2019iceberg.<\/p>\n<p>Voici un autre signe qui m\u2019a marqu\u00e9e :<br \/>\nJe venais de recommencer \u00e0 travailler et avant de me rendre \u00e0 1 RV, j\u2019avais envie de passer au columbarium. Press\u00e9e par le temps, je regarde l\u2019horloge de la voiture \u00e0 mon arriv\u00e9e, et me dis que j\u2019ai droit \u00e0 15 minutes, pas plus. Quand j\u2019en suis repartie, il \u00e9tait 11h35. Parfait.<br \/>\nArriv\u00e9e \u00e0 mon RV, j\u2019attends. Et comme le temps d\u2019attente me semble trop long, je consulte ma montre : 11H35 ! Elle \u00e9tait arr\u00eat\u00e9e, cette montre, bloqu\u00e9e, au moment o\u00f9 j\u2019avais quitt\u00e9 le columbarium. Vous savez, une montre ds cette profession, est un vrai outil de travail, elle doit \u00eatre fiable et la mienne l\u2019\u00e9tait, l\u2019avait tjrs \u00e9t\u00e9 et celle-ci avait 6 mois seulement. Et de toute mani\u00e8re, pourquoi s\u2019\u00e9tait-elle arr\u00eat\u00e9e \u00e0 cette heure pr\u00e9cise ?<br \/>\nUn mois plus tard, j\u2019ai tout compris : Je n\u2019aurais plus besoin de courir contre la montre. Mon emploi s\u2019envolait en fum\u00e9e, avec les actions de ma soci\u00e9t\u00e9 !<br \/>\nLe lendemain de mon licenciement, j\u2019ai retir\u00e9 cette montre du poignet, en associant ce geste au signe d\u2019Am\u00e9lie, je n\u2019en porterais plus, c\u2019\u00e9tait d\u00e9cid\u00e9.<\/p>\n<p>Dans l\u2019 ensemble, je dirais que j ai re\u00e7u 2 types de signes, durant ces 5 ans.<br \/>\nIl y a ce que j\u2019appellerais les \u00ab coucous \u00bb affectueux, de pr\u00e9sence et les autres signes dont on d\u00e9couvre le sens dans le futur. Appelons-les \u00ab les signes pr\u00e9monitoires. \u00bb<\/p>\n<p>Une forme de signe pr\u00e9monitoire :<br \/>\n6 mois apr\u00e8s l\u2019envol de ma M\u00e9lo, je me trouve dans la d\u00e9licate situation de devoir racheter ma part de la maison familiale ou de la vendre.<br \/>\nJ\u2019y tenais \u00e9norm\u00e9ment \u00e0 cette maison, o\u00f9 nous avions v\u00e9cu les derni\u00e8res ann\u00e9es de notre vie commune, Am\u00e9lie et moi. Donc, la rationnelle, planificatrice, que je suis, se met au boulot pour \u00e9tudier la possibilit\u00e9 de rachat.<br \/>\nTout s\u2019organise tr\u00e8s bien. Mais hormis le pr\u00eat hypoth\u00e9caire qui fonctionne, il me manquait une petite somme.<\/p>\n<p>Pas de souci, mon amie, Sabine, me trouve un investisseur priv\u00e9 qui cherche \u00e0 faire des placements et je poss\u00e8de alors, toutes les garanties.<\/p>\n<p>L\u2019investisseur me donne RV \u00e0 la clinique de Braine l\u2019Alleud, son lieu de travail, pour aller d\u00e9jeuner ensemble, et organiser les choses.<br \/>\nJe suis rentr\u00e9e par l\u2019arri\u00e8re de la clinique, et sur le mur en b\u00e9ton du b\u00e2timent, comme grav\u00e9 avec un caillou, et \u00e9crit tr\u00e8s grand, il y avait ces mots : Je t\u2019aime maman !<br \/>\nBien que j\u2019aie pass\u00e9 la majeure partie de ma vie professionnelle, dans les h\u00f4pitaux, c\u2019\u00e9tait la premi\u00e8re fois que je voyais de tels mots.<br \/>\nJe remercie l\u2019enfant qui a grav\u00e9 ces paroles, qui me sont saut\u00e9es aux yeux, d\u00e8s mon arriv\u00e9e \u00e0 ce RV important.<\/p>\n<p>Mais ce n\u2019est que le d\u00e9but de la journ\u00e9e.<br \/>\nSi cela me met en confiance pour mon rendez-vous, s\u2019il se passe \u00e0 merveille, l\u2019investisseur est partant\u2026 au moment de le quitter, quand je lui serre la main : Fulgurante, une voix, ou un flash, je ne sais trop que dire, mais les paroles que j\u2019entends sont tr\u00e8s claires, et pr\u00e9cises et r\u00e9sonnent : \u00ab Non, Nicole, tu ne reprendras pas cette maison. Il ne faut pas, pas bon \u00bb.<br \/>\nCompl\u00e8tement \u00e9trange cette sensation, et d\u00e9stabilisante ! Je n\u2019ai jamais connu cela.\u00a0 Et je ne comprends rien, puisque cette voix, est tout \u00e0 fait contraire \u00e0 ma volont\u00e9, et \u00e0 mes d\u00e9marches.<\/p>\n<p>Dans ces cas-l\u00e0, la seule expression qui me vient en t\u00eate, c\u2019est \u00ab M\u2019enfin\u2026 \u00bb. Comme Gaston Lagaffe.<\/p>\n<p>De toute fa\u00e7on, je laisse tomber, puisque je sais, que je peux reprendre la maison, et je suis bien contente.<\/p>\n<p>Mais, un des matins suivants, lors d\u2019un r\u00e9veil aux aurores, l\u2019intime et irr\u00e9vocable conviction est l\u00e0, sans aucun motif ni raisonnement d\u2019aucune sorte : je ne reprendrai pas cette maison.<br \/>\nJe ne comprends pas ce qui m\u2019arrive, ni d\u2019o\u00f9 me vient cette id\u00e9e saugrenue. Pourquoi ?<br \/>\nC\u2019est quand m\u00eame triste de ne pas reprendre cette maison ! Je l\u2019aime.<br \/>\nMais \u00e0 ce r\u00e9veil, c\u2019est chose faite, class\u00e9e : je n\u2019ai m\u00eame plus envie, la reprendre.<\/p>\n<p>Je n\u2019ai rien d\u2019une girouette. Et la plupart du temps, j\u2019ai men\u00e9 ma barque seule, donc je suis habitu\u00e9e \u00e0 prendre des d\u00e9cisions, apr\u00e8s m\u00fbre r\u00e9flexion, avec des risques bien calcul\u00e9s et quand ma d\u00e9cision est prise, je l\u2019assume. Je l\u2019ai toujours fait jusqu\u2019alors.<\/p>\n<p>Et bien, cette nouvelle d\u00e9cision, que j\u2019appellerai \u00ab venue d\u2019 ailleurs \u00bb, sera la premi\u00e8re d\u2019une longue s\u00e9rie d\u2019autres, du m\u00eame acabit, et qui auront toutes pour la plupart, trait \u00e0 ma survie mat\u00e9rielle. Elles me seront toujours dict\u00e9es, IMPOSEES et me viendront en t\u00eate, d\u00e8s l\u2019ouverture d\u2019un \u0153il, aux aurores.<br \/>\nLe ph\u00e9nom\u00e8ne a \u00e9t\u00e9 exactement le m\u00eame avec la Transcommunication Instrumentale.<br \/>\nCes id\u00e9es particuli\u00e8res s\u2019imposent tout simplement, comme \u00e9tant la seule et unique voie \u00e0 suivre, m\u00eame si elles sont en contradiction avec celles que j\u2019avais planifi\u00e9es, la veille encore&#8230;<\/p>\n<p>Je vous avoue, que si je ne les vais pas suivies, ces guidances \u00ab venues d\u2019ailleurs \u00bb, je ne sais pas, actuellement, dans quelle ville je serais SDF\u2026<\/p>\n<p>En effet, 2 mois apr\u00e8s cette premi\u00e8re, r\u00e9orientation, guidance, toute ma vie mat\u00e9rielle est partie en fum\u00e9e : Plus de travail, plus de revenus, plus de voiture et forc\u00e9ment plus de maison, rien que les meubles et Arthur, le caniche d\u2019Am\u00e9lie. Heureusement que je ne m\u2019\u00e9tais pas engag\u00e9e dans ce rachat de maison\u2026S\u2019en sont suivis d\u2019ailleurs, une s\u00e9rie de proc\u00e8s en justice et durant 3 ans et demi, juste pour devoir redresser ma situation, me d\u00e9fendre simplement, et je les ai tous gagn\u00e9s. J\u2019ai vraiment \u00e9t\u00e9 tr\u00e8s aid\u00e9e, tr\u00e8s guid\u00e9e\u2026<\/p>\n<p>Cette, \u00ab conscience du r\u00e9veil \u00bb, est devenue maintenant une habitude.<br \/>\nJe pense m\u00eame que je l\u2019attends impatiemment quand un nouveau probl\u00e8me surgit.<br \/>\nOutre le fait, qu\u2019elle ait toujours \u00e9t\u00e9 positive, elle m\u2019a surtout appris, \u00e0 faire du \u00ab l\u00e2cher prise \u00bb et apr\u00e8s plusieurs de ces exp\u00e9riences, j\u2019ai pris l\u2019habitude de dire que : \u00ab M\u00eame les petits oiseaux du ciel trouvent leur nourriture \u00bb, alors, moi aussi maintenant, je peux faire confiance \u00e0 cet aide c\u00e9leste.<\/p>\n<p><strong><br \/>\nB\/ La transcommunication instrumentale :<\/strong><\/p>\n<p>Continuons et dans la m\u00eame veine. Nous somme au 11\u00e8me mois, jour pour jour de l\u2019envol d\u2019Am\u00e9lie, il est 5h du matin. R\u00e9veil en sursaut et \u00e7a recommence !<br \/>\nUne id\u00e9e fixe, imp\u00e9rative, qui ne tol\u00e8re aucun d\u00e9lai : Maintenant, l\u00e0, tout de suite, \u00e0 5H du matin, je dois tenter une Transcommunication.<br \/>\nDe nouveau aussi, la m\u00eame expression me vient en t\u00eate : \u00ab M\u2019enfin\u2026 \u00bb Et cette fois, il y a vraiment de quoi\u2026<\/p>\n<p>Parce qu\u2019il faut vous dire, que cette TCI, je la consid\u00e9rais comme, excusez-moi, de la stupidit\u00e9, de l\u2019impossibilit\u00e9 totale, et j\u2019en \u00e9tais m\u00eame arriv\u00e9e, je vous l\u2019avoue, \u00e0 \u00eatre bien d\u00e9\u00e7ue de ce cher Fran\u00e7ois Brune, qui avait os\u00e9 en parler dans son livre : \u00ab Les morts nous parlent \u00bb, un si bel ouvrage !<br \/>\nLui qui pourtant, m\u2019apparaissait \u00eatre quelqu\u2019un de si cultiv\u00e9, intelligent et pr\u00eatre de surcroit\u2026<br \/>\nJ\u2019avais aussi lu d\u2019autres livres, qui parlaient de ce ph\u00e9nom\u00e8ne, mais jamais, je n\u2019aurais os\u00e9 soumettre ma fille \u00e0 pareil attitude, \u00e0 pareille soi-disant m\u00e9thode de contact ! Le respect avant tout, pour ma fille\u2026<\/p>\n<p>Et me voil\u00e0 pourtant, \u00e0 suivre cette id\u00e9e matinale, comme dans le reste des autres situations.<\/p>\n<p>Je me suis agit\u00e9e, cette aurore-l\u00e0, pour trouver le mat\u00e9riel : un b\u00eate petit dictaphone, une cassette vierge dans les affaires de ma fille et j\u2019ai pass\u00e9 sa chanson f\u00e9tiche, en fran\u00e7ais, s\u2019il vous pla\u00eet, que j\u2019ai fait d\u00e9filer en enregistrant. Je lui ai pos\u00e9 une ou 2 questions, et j\u2019ai laiss\u00e9 aller la bande.<br \/>\nA l\u2019\u00e9coute, il \u00e9tait bien l\u00e0, son premier message ! Et bien audible en plus, bien que j\u2019aie mis le bruit de fond quand m\u00eame trop fort !<br \/>\nC\u2019\u00e9tait en prime, la voix d\u2019Am\u00e9lie, telle que je la connaissais et la faute de fran\u00e7ais qu\u2019elle faisait, \u00e9tant petite. Je ne me rendais pas compte \u00e0 l\u2019\u00e9poque, qu\u2019obtenir la voix, telle qu\u2019on la conna\u00eet, est un peu moins courant.<br \/>\nElle me disait : \u00ab Suis t\u2019ici, suis t\u2019ici \u00bb.<br \/>\nJe me suis retrouv\u00e9e, ce matin-l\u00e0, dans une \u00e9motion bien violente. J\u2019ai mis plusieurs heures, \u00e0 me calmer.<br \/>\nAm\u00e9lie m\u2019avait parl\u00e9, elle qui avait disparu depuis 11 mois ! Elle \u00e9tait l\u00e0, elle me l\u2019avait dit elle-m\u00eame.<br \/>\nJ\u2019ai recommenc\u00e9 les jours suivants, durant 1 semaine, il fallait quand m\u00eame que je v\u00e9rifie \u2026 et chaque fois, un petit mot.<\/p>\n<p>Cela fait\u00a010 ans, que je communique de cette fa\u00e7on, avec Am\u00e9lie.<br \/>\nBien entendu, j\u2019ai espac\u00e9 petit \u00e0 petit les s\u00e9ances, et je n\u2019en fais plus qu\u2019une fois par mois.<\/p>\n<p>Mais il faut dire aussi, que mes techniques d\u2019enregistrement et d\u2019\u00e9coute ont tellement \u00e9volu\u00e9s, ainsi que mes oreilles, que j\u2019en d\u00e9busque beaucoup plus !<br \/>\nBien souvent, il n\u2019y a pas que LE ou les 2 messages uniques sur le temps d\u2019une TCI, comme je l\u2019entendais avant, il y en a parfois bien d\u2019autres, mais qui sont t\u00e9nus.<\/p>\n<p>Apr\u00e8s ce fabuleux cadeau de la TCI, je n\u2019allais pas m\u2019arr\u00eater en chemin !<br \/>\nJe me suis attaqu\u00e9e \u00e0 me former \u00e0 l\u2019Internet pour poursuivre ma recherche sur la vie apr\u00e8s la vie.<br \/>\nJ\u2019y ai d\u00e9couvert les associations fran\u00e7aises et c\u2019est l\u00e0 aussi que j\u2019ai trouv\u00e9 de nouvelles amies, je devrais plut\u00f4t dire des \u00e2mes s\u0153urs, toutes fran\u00e7aises, avec lesquelles, je suis encore en contact, pour certaines et alors, plus proche que jamais.<\/p>\n<p><strong><br \/>\nC\/ Les pr\u00e9cognitions :<\/strong><\/p>\n<p>C\u2019est vers la m\u00eame \u00e9poque, que sont arriv\u00e9es les pr\u00e9monitions. Ce que l\u2019on appelle les \u00ab flashs \u00bb de pr\u00e9cognition, je suppose.<br \/>\nD\u2019abord, cela s\u2019est pass\u00e9 pour des \u00e9v\u00e8nements l\u00e9gers du quotidien mais tr\u00e8s pr\u00e9cis et toujours bien justes. D\u2019ailleurs, j\u2019avais appris \u00e0 en tenir compte pour \u00e9viter des situations inconfortables.<br \/>\nCela a dur\u00e9 quelques mois, 3 peut-\u00eatre. Jusqu\u2019au jour o\u00f9 un flash s\u2019impose, lors d\u2019un coup de t\u00e9l d\u2019une jeune amie, qui m\u2019annonce que son fiston, 3 ans, est en r\u00e9animation pour une pneumonie. Ce flash est formel, imp\u00e9ratif, il ne s\u2019agit pas du tout une pneumonie ! L\u2019enfant est en danger de mort, il a une maladie mortelle. Difficile \u00e0 vivre comme situation et au t\u00e9l, en plus !<\/p>\n<p>Quelques jours plus tard, lors du second appel de mon amie, elle m\u2019a donn\u00e9 confirmation : c\u2019\u00e9tait un cancer, le petit \u00e9tait paralys\u00e9 et il y avait d\u00e9j\u00e0 des m\u00e9tastases. ! Alors l\u00e0, je n\u2019ai pas support\u00e9 du tout !<br \/>\nSi ces flashes ne pouvaient servir \u00e0 aider les autres, je n\u2019en voyais pas l\u2019int\u00e9r\u00eat, ce n\u2019\u00e9tait m\u00eame pas supportable. Alors, j\u2019ai pri\u00e9 de toute mon \u00e2me, en demandant que cela s\u2019arr\u00eate.<br \/>\nJe le regrette aujourd\u2019hui et j\u2019aimerais que ce don me soit rendu. Mais il n\u2019en est plus rest\u00e9 grand chose, aussit\u00f4t demand\u00e9.<\/p>\n<p><strong><br \/>\nD\/ Les apports :<\/strong><\/p>\n<p>Arrive la St Valentin 2005. Et autre chose que je n\u2019avais pas encore connu se produit :<br \/>\nLa St valentin, pour mon amour de fille, \u00e9tait une f\u00eate quasi aussi importante, voire plus, que celles de fin d\u2019ann\u00e9e. Normal \u00e0 cet \u00e2ge, comme pour beaucoup de jeunes filles.<br \/>\nJe vous explique :<br \/>\nLes cendres d\u2019Am\u00e9lie reposaient au columbarium, et se situaient dans une niche, au \u2018ras du sol\u2019. J\u2019avais donc re\u00e7u la permission de d\u00e9poser au sol, une belle vasque en fer forg\u00e9, o\u00f9 je faisais la culture de fleurs, et qui me donnait aussi un support pour lui faire des d\u00e9corations, que je faisais varier selon les saisons et les f\u00eates. Je ne m\u2019en suis jamais priv\u00e9e, et cela n\u2019a choqu\u00e9 personne, que du contraire ! Cela animait l\u2019endroit.<\/p>\n<p>Pour cette seconde St valentin de ma fille du ciel, je voulais quelque chose de plus beau encore que l\u2019ann\u00e9e pr\u00e9c\u00e9dente, qui soit \u00e0 la hauteur de tous ces cadeaux qu\u2019elle m\u2019avait faits, dans le cours de cette derni\u00e8re ann\u00e9e.<br \/>\nJ\u2019ai ram\u00e9 pour la faire, cette d\u00e9co, rien ne me convenait vraiment. Ce n\u2019est que la veille, en allant visiter le fiston de mon amie \u00e0 l\u2019h\u00f4pital, que je suis pass\u00e9e devant une vitrine d\u2019un parfumeur et l\u00e0, je suis rest\u00e9e en arr\u00eat devant leur d\u00e9coration qui \u00e9tait superbe. J\u2019ai os\u00e9, je suis rentr\u00e9e, j\u2019ai demand\u00e9, nous avons palabr\u00e9 mais, j\u2019en ai re\u00e7u 1 exemplaire ! J\u2019\u00e9tais fi\u00e8re de moi, et je les remercie encore, j\u2019avais r\u00e9ussi, last minute, la d\u00e9co de mes r\u00eaves.<\/p>\n<p>Eh bien, le lendemain, le jour \u2018J\u2019, \u00e0 7h du matin, j\u2019ai re\u00e7u, moi aussi, mon cadeau de St valentin ! Chez moi, sur le pas de la porte ! Je m\u2019appr\u00eatais \u00e0 faire sortir le chien dans le jardin quand je suis rest\u00e9e stup\u00e9fi\u00e9e, devant le paillasson int\u00e9rieur, o\u00f9 se trouvait un magnifique c\u0153ur ! Incroyable ! Voil\u00e0 que je recevais du \u00ab mat\u00e9riel \u00bb, disons un apport\u2026<br \/>\nEn fait, le mat\u00e9riau de ce c\u0153ur, excusez-moi mais c\u2019est probablement, je ne vois que cela, du vomi d\u2019Arthur, le chien d\u2019Am\u00e9lie. Qu\u2019importe\u2026<\/p>\n<p>Depuis lors, les apports de c\u0153urs n\u2019ont plus cess\u00e9s. J\u2019en ai dans les mat\u00e9riaux les plus divers, (papier, cire, frigolite, taches\u2026) ou en aliments (des mies de pain, des \u0153ufs que je casse dans la po\u00eale\u2026) m\u00eame en d\u00e9chets. J\u2019en trouve dans toute la maison et aussi dans la rue ou les campagnes ou comme ce galet, sur une plage du Nord de la France.<br \/>\nQuelques mois apr\u00e8s la construction de ma nouvelle terrasse en b\u00e9ton, un c\u0153ur s\u2019y est m\u00eame grav\u00e9.<\/p>\n<p>Il faut quand m\u00eame vous signaler, que le c\u0153ur, n\u2019\u00e9tait pas que le symbole de la St Valentin, pour ma fille, mais faisait partie int\u00e9grante de sa signature, quand elle me laissait des petits mots sur la table ; jamais un mot pour sa maman, sans une s\u00e9rie de c\u0153urs pour terminer.<br \/>\nMerci, ma fille !<\/p>\n<p>C\u2019est au15\u00e8me mois, apr\u00e8s avoir pris mes contacts via le NET, et fait mes rencontres, que j\u2019ai commenc\u00e9 \u00e0 suivre les conf\u00e9rences dans le nord de la France, o\u00f9 je suis all\u00e9e durant 2 ans.<br \/>\nPour ceux qui ont la possibilit\u00e9 de s\u2019y rendre, je ne peux que les recommander. Plusieurs de ces petites associations, qui existent l\u00e0-bas, font venir chaque mois des conf\u00e9renciers de qualit\u00e9, c\u2019est d\u2019ailleurs l\u00e0 que j\u2019ai fait la connaissance de Monique et Jacques Blanc-Garin. C\u2019est vraiment tr\u00e8s enrichissant.<\/p>\n<p>1an et demi apr\u00e8s le d\u00e9part d\u2019Am\u00e9lie, je commen\u00e7ais l\u2019entraide par Internet, via le site d\u2019Outre-vie et peu apr\u00e8s, l\u2019entraide mais sp\u00e9cifiquement en TCI, via l\u2019association Karine apr\u00e8s la Vie.<\/p>\n<p><strong>E\/ La Clair-audience :<\/strong><\/p>\n<p>C\u2019est, au printemps 2005, que m\u2019est arriv\u00e9 un ph\u00e9nom\u00e8ne que je pr\u00e9f\u00e8re encore et de loin \u00e0 la TCI. Mais cela ne s\u2019est produit que 4 fois en 3 ans et demi.<br \/>\nIl s\u2019agit de clair-audience !<br \/>\nL\u2019entendre en direct dans mes oreilles ! Rare mais le paradis ! Cela, je voudrais vraiment que ce me soit donn\u00e9 plus souvent. C\u2019est tellement magique !<br \/>\nJe vais juste raconter la premi\u00e8re fois, c\u2019est trop particulier.<br \/>\nJe venais de prendre une douche et de me laver les cheveux, qui \u00e9taient encore tremp\u00e9s. Si je vous donne ces d\u00e9tails, c\u2019est pour vous faire comprendre que j\u2019\u00e9tais bien \u00e9veill\u00e9e, et tr\u00e8s bien rafra\u00eechie, pas du tout dans un \u00e9tat hypnotique.<br \/>\nJe sors de la salle de bain, une serviette autour de moi, et je vais passer un coup de t\u00e9l urgent que j\u2019avais oubli\u00e9.<br \/>\nJe raccroche et \u00e0 ce moment-l\u00e0, j\u2019ai entendu Am\u00e9lie, avec sa voix habituelle, dans mes oreilles, me dire : \u00ab Maman, c\u2019est moi. J\u2019ai compris bcp de choses, maintenant. Je reviens. \u00bb En m\u00eame temps, je la visualisais derri\u00e8re la porte d\u2019entr\u00e9e, en jeans, avec son t-shirt beige, comme le soir o\u00f9 elle est partie pour ne pas revenir\u2026<\/p>\n<p>Comme une b\u00eatate, je suis rest\u00e9e fig\u00e9e, statue de sel.<br \/>\nPensez-vous que je sois all\u00e9e voir \u00e0 la porte d\u2019entr\u00e9e ? Non, m\u00eame pas.<br \/>\nJe suis tout simplement rentr\u00e9e dans la salle de bain, o\u00f9 j\u2019ai commenc\u00e9 \u00e0 me s\u00e9cher les cheveux\u2026<br \/>\nCe n\u2019est qu\u2019apr\u00e8s 1 ou 2 minutes que je me suis ressaisie, que je me suis demand\u00e9e ce qu\u2019il m\u2019\u00e9tait arriv\u00e9 et que je suis all\u00e9e ouvrir la porte d\u2019entr\u00e9e o\u00f9, il n\u2019y avait personne, \u00e9videmment.<br \/>\nJe me suis jur\u00e9 que pareille attitude ne m\u2019arriverait plus jamais. Que je r\u00e9agirais, que je lui r\u00e9pondrais au moins. Mais c\u2019\u00e9tait la premi\u00e8re fois, c\u2019\u00e9tait trop inattendu\u2026<br \/>\nConcernant ses paroles : Non, et bien au contraire, je ne suis pas une adepte de la r\u00e9incarnation \u2018sur cette terre\u2019 et donc ces paroles m\u2019ont laiss\u00e9es un peu perplexe. Mais cela semble \u00eatre 1 loi, que nous ne comprenions pas tout\u2026<\/p>\n<p><strong><br \/>\nF\/ Gu\u00e9rison c\u00e9leste :<\/strong><\/p>\n<p>Nous sommes en juillet 2005 et se produit un ph\u00e9nom\u00e8ne d\u2019un tout autre ordre, et tout \u00e0 fait exceptionnel.<br \/>\nJe souffrais, depuis 15 jours, de douleurs terribles \u00e0 l\u2019estomac et d\u00e8s le r\u00e9veil. A tel point que mon m\u00e9decin m\u2019oblige \u00e0 prendre rendez-vous pour passer une gastroscopie.<br \/>\nDans l\u2019attente de cet examen, je ne pouvais pas me soigner, pour ne pas en fausser les r\u00e9sultats. Chaque matin \u00e9tait une \u00e9preuve et cela durait toute la journ\u00e9e.<br \/>\nDans le cours d\u2019une de ces nuits, Am\u00e9lie m\u2019est apparue en r\u00eave, mais un r\u00eave presqu\u2019\u00e9veill\u00e9, tellement cela semblait r\u00e9el. Je l\u2019ai vue et entendue. Elle est venue s\u2019asseoir sur le bord de mon lit, elle m\u2019a caress\u00e9 le bras et alors que je lui demandais de le serrer plus fort, pour bien la sentir, elle s\u2019en est all\u00e9e vers mes pieds, qu\u2019elle a pris en main. Je trouvais cela curieux et lui en voulais un petit peu, de s\u2019\u00e9loigner.<br \/>\nD\u00e8s qu\u2019elle a pris mes pieds en mains, j\u2019ai ressenti comme une sorte de courant \u00e9lectrique, qui a commenc\u00e9 \u00e0 monter le long de mes jambes et qui se faisait de plus en plus fort, en se propageant vers l\u2019abdomen. Ce courant est devenu terriblement violent et douloureux. Il a stagn\u00e9, dans cette intensit\u00e9, au niveau de l\u2019estomac. J\u2019ai cru alors ma derni\u00e8re heure venue, tout simplement. D\u2019ailleurs, tout ce que j\u2019ai trouv\u00e9 \u00e0 dire c\u2019est : \u00ab Je meurs. Mon Dieu et Am\u00e9lie, prot\u00e9gez-moi. \u00bb<br \/>\nEnsuite, ce courant \u00e9lectrique a repris son chemin, en montant vers la poitrine mais en s\u2019estompant tr\u00e8s, tr\u00e8s fort, et a sembl\u00e9 sortir par ma t\u00eate. C\u2019\u00e9tait fini et Am\u00e9lie aussi \u00e9tait partie. Bien \u00e9trange comme r\u00eave !<\/p>\n<p>Le lendemain matin : aucune douleur \u00e0 l\u2019estomac au r\u00e9veil, ni au lever. Je me suis dit qu\u2019elle allait faire surface ds le courant de la matin\u00e9e : Rien. L\u2019apr\u00e8s-midi : Rien. Et les jours suivants, non plus. Les douleurs avaient disparus, envol\u00e9es, j\u2019\u00e9tais gu\u00e9rie. Je suis all\u00e9e passer cette gastroscopie, o\u00f9 le m\u00e9decin n\u2019a rien trouv\u00e9 d\u2019anormal. Je n\u2019ai pas trouv\u00e9 d\u2019autres mots pour ce ph\u00e9nom\u00e8ne que : le traitement c\u00e9leste.<\/p>\n<p>Vous voyez que les nuits, me sont vraiment des moments propices, o\u00f9 il m\u2019arrive des contacts divers et vari\u00e9s mais\u2026qui laissent des impacts tout \u00e0 fait r\u00e9els, concrets, dans la vie quotidienne.<\/p>\n<p><strong>G\/ La t\u00e9l\u00e9pathie :<\/strong><\/p>\n<p>Au d\u00e9but septembre 2006, nous sommes 3 ans apr\u00e8s le d\u00e9part d\u2019Am\u00e9lie, j\u2019ai aussi d\u00e9but\u00e9 des ph\u00e9nom\u00e8nes de t\u00e9l\u00e9pathie, en journ\u00e9e, avec elle.<br \/>\nCe n\u2019est pas de la clair-audience, je ne l\u2019entendais pas dans les oreilles, mais je l\u2019entendais quand m\u00eame me parler.<br \/>\nJe ne vais pas rentrer dans les d\u00e9tails, mais sachez que c\u2019est un ph\u00e9nom\u00e8ne un peu plus perturbant \u00e0 vivre. M\u00eame si cela a pu \u00eatre dr\u00f4le quand nous n\u2019\u00e9tions pas d\u2019 accord.<br \/>\nCette t\u00e9l\u00e9pathie est partie comme elle \u00e9tait venue, au bout de 2 mois, peut-\u00eatre.<br \/>\nJe l\u2019ai sans doute chass\u00e9e, refus\u00e9e,\u2026L\u2019avenir nous dira si je la revivrai.<\/p>\n<p>Je suppose que vous comprenez mieux maintenant, ce que je vous disais au d\u00e9but.<br \/>\nA force d\u2019avoir v\u00e9cu tous ces ph\u00e9nom\u00e8nes, et de mani\u00e8re r\u00e9currente, ce qui est appel\u00e9 paranormal par les uns est pour moi, tellement normal\u2026Ce sont toutes des situations, que j\u2019ai v\u00e9cues en toute logique, lucidit\u00e9, clart\u00e9 d\u2019esprit, et en m\u2019en d\u00e9battant m\u00eame, parfois.<\/p>\n<p>Dans la continuit\u00e9 de ce parcours particulier, 4 ans apr\u00e8s le d\u00e9part d\u2019Am\u00e9lie, en septembre 2007, je commen\u00e7ais, avec mon amie fran\u00e7aise, Gis\u00e8le, la r\u00e9daction de ce site d\u2019entraide belgo-fran\u00e7ais pour ceux qui souhaitent un endroit de partage, d\u2019informations et de communications. Il est fonctionnel depuis le printemps 2008.<br \/>\nMaintenant, je continue l\u2019entraide par-l\u00e0 et la formation en TCI avec ceux qui viennent me voir.<\/p>\n<p><strong>H\/Tci sur t\u00e9l\u00e9phone portable :<\/strong><\/p>\n<p>Je dois encore r\u00e9diger un ph\u00e9nom\u00e8ne qui est : Le message vocal d\u2019Am\u00e9lie, arriv\u00e9 sur un GSM, en ce mois de novembre. Encore une premi\u00e8re !<br \/>\nJe le raconterai prochainement.<\/p>\n<p><strong>Conclusions :<\/strong><\/p>\n<p>Si je souhaitais vous raconter mon exp\u00e9rience depuis les d\u00e9buts- m\u00eame si ces d\u00e9buts \u00e9taient plus que l\u00e9gers, avec ces jeux de soleil- c\u2019est dans le but pr\u00e9cis, de faire savoir, qu\u2019au d\u00e9but de la s\u00e9paration, les signes peuvent \u00eatre t\u00e9nus.<br \/>\nMais il suffit d\u2019avoir l\u2019esprit ouvert et la volont\u00e9 de r\u00e9ception et si les choses commencent doucement, ce n\u2019est pas pour cela qu\u2019elles en resteront \u00e0 ce stade. L\u2019exp\u00e9rience me l\u2019a prouv\u00e9e.<\/p>\n<p>Dans le m\u00eame ordre d\u2019esprit, je ne pense pas du tout, que j\u2019aurais v\u00e9cu les signes, les guidances nocturnes, la TCI, la clair-audience, re\u00e7u des apports, une gu\u00e9rison, vivre des ph\u00e9nom\u00e8nes de t\u00e9l\u00e9pathie, devenir sujette \u00e0 la pr\u00e9cognition si je n\u2019avais pas entam\u00e9 la recherche, de ma propre initiative, et fais toutes ces demandes r\u00e9p\u00e9t\u00e9es. Ne l\u2019oublions pas, une com-munication, cela s\u2019instaure \u00e0 2. Et si nos aim\u00e9s ont le d\u00e9sir de nous transmettre des choses, il faut aussi que nous fassions notre part du chemin ; il faut que nous \u00e9levions nos vibrations d\u2019amour, que nous devenions r\u00e9ceptifs.<\/p>\n<p>Mais je le reconnais, je me sens comme une privil\u00e9gi\u00e9e du ciel et j\u2019en remercie ma fille et toutes les \u00e2mes, bien intentionn\u00e9es \u00e0 mon \u00e9gard.<\/p>\n<p><strong><br \/>\nMon v\u0153u actuel :<\/strong>\u00a0Comment am\u00e9liorer la synergie d\u2019entraide en Belgique, pour les personnes qui vivent un deuil difficile et qui cherchent dans cette direction ?<\/p>\n<p>Mon v\u0153u serait, que les parents qui cherchent dans la direction o\u00f9 j\u2019ai cherch\u00e9, ne se sentent plus seuls, en Belgique, comme je me suis sentie seule, au d\u00e9part !<br \/>\nDans mes d\u00e9buts, je n\u2019ai trouv\u00e9 personne, \u00e0 qui soumettre ce que je vivais, ou m\u2019aider dans cet \u00e9veil spirituel, si ce n\u2019est en France.<\/p>\n<p>Seule, on ne va nulle part.<\/p>\n<p>Je propose donc, \u00e0 tous ceux qui ont avanc\u00e9s dans ce difficile parcours du deuil, et s\u2019ils le souhaitent, de s\u2019associer au site, de venir y d\u00e9poser leur t\u00e9moignage, pour qu\u2019ils servent \u00e0 d\u2019autres, je pourrai les mettre en contact respectivement, m\u00eame si je r\u00e9ponds toujours aussi moi-m\u00eame.<br \/>\nCe serait bien, que ceux que j\u2019ai pu trouver par hasard et qui aident si g\u00e9n\u00e9reusement, chez nous, se fassent conna\u00eetre un peu plus.<\/p>\n<p>Nicole,<\/p>\n<p><a href=\"index.php?option=com_contact&amp;view=contact&amp;id=1\">Pour entrer en contact avec Nicole<\/a><\/p>\n","protected":false},"excerpt":{"rendered":"<p>Qui sommes-nous, Am\u00e9lie et moi\u00a0? Am\u00e9lie, est ma fille unique. Elle est partie de l\u2019autre c\u00f4t\u00e9 du voile il y a\u00a011 ans maintenant, dans le contexte d\u2019un accident de voiture. Elle allait avoir 22 ans. Nous avons v\u00e9cu pas loin de 2\/3 de sa vie, nous 2, dans une tr\u00e8s grande complicit\u00e9 et un dialogue [&hellip;]<\/p>\n","protected":false},"author":1,"featured_media":0,"comment_status":"closed","ping_status":"open","sticky":false,"template":"","format":"standard","meta":{"ocean_post_layout":"","ocean_both_sidebars_style":"","ocean_both_sidebars_content_width":0,"ocean_both_sidebars_sidebars_width":0,"ocean_sidebar":"0","ocean_second_sidebar":"0","ocean_disable_margins":"enable","ocean_add_body_class":"","ocean_shortcode_before_top_bar":"","ocean_shortcode_after_top_bar":"","ocean_shortcode_before_header":"","ocean_shortcode_after_header":"","ocean_has_shortcode":"","ocean_shortcode_after_title":"","ocean_shortcode_before_footer_widgets":"","ocean_shortcode_after_footer_widgets":"","ocean_shortcode_before_footer_bottom":"","ocean_shortcode_after_footer_bottom":"","ocean_display_top_bar":"default","ocean_display_header":"default","ocean_header_style":"","ocean_center_header_left_menu":"0","ocean_custom_header_template":"0","ocean_custom_logo":0,"ocean_custom_retina_logo":0,"ocean_custom_logo_max_width":0,"ocean_custom_logo_tablet_max_width":0,"ocean_custom_logo_mobile_max_width":0,"ocean_custom_logo_max_height":0,"ocean_custom_logo_tablet_max_height":0,"ocean_custom_logo_mobile_max_height":0,"ocean_header_custom_menu":"0","ocean_menu_typo_font_family":"0","ocean_menu_typo_font_subset":"","ocean_menu_typo_font_size":0,"ocean_menu_typo_font_size_tablet":0,"ocean_menu_typo_font_size_mobile":0,"ocean_menu_typo_font_size_unit":"px","ocean_menu_typo_font_weight":"","ocean_menu_typo_font_weight_tablet":"","ocean_menu_typo_font_weight_mobile":"","ocean_menu_typo_transform":"","ocean_menu_typo_transform_tablet":"","ocean_menu_typo_transform_mobile":"","ocean_menu_typo_line_height":0,"ocean_menu_typo_line_height_tablet":0,"ocean_menu_typo_line_height_mobile":0,"ocean_menu_typo_line_height_unit":"","ocean_menu_typo_spacing":0,"ocean_menu_typo_spacing_tablet":0,"ocean_menu_typo_spacing_mobile":0,"ocean_menu_typo_spacing_unit":"","ocean_menu_link_color":"","ocean_menu_link_color_hover":"","ocean_menu_link_color_active":"","ocean_menu_link_background":"","ocean_menu_link_hover_background":"","ocean_menu_link_active_background":"","ocean_menu_social_links_bg":"","ocean_menu_social_hover_links_bg":"","ocean_menu_social_links_color":"","ocean_menu_social_hover_links_color":"","ocean_disable_title":"default","ocean_disable_heading":"default","ocean_post_title":"","ocean_post_subheading":"","ocean_post_title_style":"","ocean_post_title_background_color":"","ocean_post_title_background":0,"ocean_post_title_bg_image_position":"","ocean_post_title_bg_image_attachment":"","ocean_post_title_bg_image_repeat":"","ocean_post_title_bg_image_size":"","ocean_post_title_height":0,"ocean_post_title_bg_overlay":0.5,"ocean_post_title_bg_overlay_color":"","ocean_disable_breadcrumbs":"default","ocean_breadcrumbs_color":"","ocean_breadcrumbs_separator_color":"","ocean_breadcrumbs_links_color":"","ocean_breadcrumbs_links_hover_color":"","ocean_display_footer_widgets":"default","ocean_display_footer_bottom":"default","ocean_custom_footer_template":"0","ocean_post_oembed":"","ocean_post_self_hosted_media":"","ocean_post_video_embed":"","ocean_link_format":"","ocean_link_format_target":"self","ocean_quote_format":"","ocean_quote_format_link":"post","ocean_gallery_link_images":"off","ocean_gallery_id":[],"footnotes":""},"categories":[29],"tags":[],"class_list":["post-1969","post","type-post","status-publish","format-standard","hentry","category-contacts-gisele-nicole","entry"],"yoast_head":"<!-- This site is optimized with the Yoast SEO plugin v27.5 - https:\/\/yoast.com\/product\/yoast-seo-wordpress\/ -->\n<title>Nicole\u00a0: Parcours et entraide. - Melonic<\/title>\n<meta name=\"robots\" content=\"index, follow, max-snippet:-1, max-image-preview:large, max-video-preview:-1\" \/>\n<link rel=\"canonical\" href=\"https:\/\/melonic.be\/j\/nicole-parcours-et-entraide\/\" \/>\n<meta property=\"og:locale\" content=\"fr_FR\" \/>\n<meta property=\"og:type\" content=\"article\" \/>\n<meta property=\"og:title\" content=\"Nicole\u00a0: Parcours et entraide. - Melonic\" \/>\n<meta property=\"og:description\" content=\"Qui sommes-nous, Am\u00e9lie et moi\u00a0? Am\u00e9lie, est ma fille unique. Elle est partie de l\u2019autre c\u00f4t\u00e9 du voile il y a\u00a011 ans maintenant, dans le contexte d\u2019un accident de voiture. Elle allait avoir 22 ans. Nous avons v\u00e9cu pas loin de 2\/3 de sa vie, nous 2, dans une tr\u00e8s grande complicit\u00e9 et un dialogue [&hellip;]\" \/>\n<meta property=\"og:url\" content=\"https:\/\/melonic.be\/j\/nicole-parcours-et-entraide\/\" \/>\n<meta property=\"og:site_name\" content=\"Melonic\" \/>\n<meta property=\"article:published_time\" content=\"2019-04-27T11:42:43+00:00\" \/>\n<meta name=\"author\" content=\"admin14\" \/>\n<meta name=\"twitter:card\" content=\"summary_large_image\" \/>\n<meta name=\"twitter:label1\" content=\"\u00c9crit par\" \/>\n\t<meta name=\"twitter:data1\" content=\"admin14\" \/>\n\t<meta name=\"twitter:label2\" content=\"Dur\u00e9e de lecture estim\u00e9e\" \/>\n\t<meta name=\"twitter:data2\" content=\"28 minutes\" \/>\n<script type=\"application\/ld+json\" class=\"yoast-schema-graph\">{\"@context\":\"https:\\\/\\\/schema.org\",\"@graph\":[{\"@type\":\"Article\",\"@id\":\"https:\\\/\\\/melonic.be\\\/j\\\/nicole-parcours-et-entraide\\\/#article\",\"isPartOf\":{\"@id\":\"https:\\\/\\\/melonic.be\\\/j\\\/nicole-parcours-et-entraide\\\/\"},\"author\":{\"name\":\"admin14\",\"@id\":\"https:\\\/\\\/melonic.be\\\/j\\\/#\\\/schema\\\/person\\\/d9c6b5fa47da8174958ee6a57ab62df4\"},\"headline\":\"Nicole\u00a0: Parcours et entraide.\",\"datePublished\":\"2019-04-27T11:42:43+00:00\",\"mainEntityOfPage\":{\"@id\":\"https:\\\/\\\/melonic.be\\\/j\\\/nicole-parcours-et-entraide\\\/\"},\"wordCount\":5595,\"publisher\":{\"@id\":\"https:\\\/\\\/melonic.be\\\/j\\\/#\\\/schema\\\/person\\\/16854370e1792906f271cdce232cd4f3\"},\"articleSection\":[\"Contacts Gis\u00e8le &amp; Nicole\"],\"inLanguage\":\"fr-FR\"},{\"@type\":\"WebPage\",\"@id\":\"https:\\\/\\\/melonic.be\\\/j\\\/nicole-parcours-et-entraide\\\/\",\"url\":\"https:\\\/\\\/melonic.be\\\/j\\\/nicole-parcours-et-entraide\\\/\",\"name\":\"Nicole\u00a0: Parcours et entraide. - Melonic\",\"isPartOf\":{\"@id\":\"https:\\\/\\\/melonic.be\\\/j\\\/#website\"},\"datePublished\":\"2019-04-27T11:42:43+00:00\",\"breadcrumb\":{\"@id\":\"https:\\\/\\\/melonic.be\\\/j\\\/nicole-parcours-et-entraide\\\/#breadcrumb\"},\"inLanguage\":\"fr-FR\",\"potentialAction\":[{\"@type\":\"ReadAction\",\"target\":[\"https:\\\/\\\/melonic.be\\\/j\\\/nicole-parcours-et-entraide\\\/\"]}]},{\"@type\":\"BreadcrumbList\",\"@id\":\"https:\\\/\\\/melonic.be\\\/j\\\/nicole-parcours-et-entraide\\\/#breadcrumb\",\"itemListElement\":[{\"@type\":\"ListItem\",\"position\":1,\"name\":\"Accueil\",\"item\":\"https:\\\/\\\/melonic.be\\\/j\\\/\"},{\"@type\":\"ListItem\",\"position\":2,\"name\":\"Nicole\u00a0: Parcours et entraide.\"}]},{\"@type\":\"WebSite\",\"@id\":\"https:\\\/\\\/melonic.be\\\/j\\\/#website\",\"url\":\"https:\\\/\\\/melonic.be\\\/j\\\/\",\"name\":\"Melonic\",\"description\":\"\",\"publisher\":{\"@id\":\"https:\\\/\\\/melonic.be\\\/j\\\/#\\\/schema\\\/person\\\/16854370e1792906f271cdce232cd4f3\"},\"potentialAction\":[{\"@type\":\"SearchAction\",\"target\":{\"@type\":\"EntryPoint\",\"urlTemplate\":\"https:\\\/\\\/melonic.be\\\/j\\\/?s={search_term_string}\"},\"query-input\":{\"@type\":\"PropertyValueSpecification\",\"valueRequired\":true,\"valueName\":\"search_term_string\"}}],\"inLanguage\":\"fr-FR\"},{\"@type\":[\"Person\",\"Organization\"],\"@id\":\"https:\\\/\\\/melonic.be\\\/j\\\/#\\\/schema\\\/person\\\/16854370e1792906f271cdce232cd4f3\",\"name\":\"Nicole Incourt\",\"image\":{\"@type\":\"ImageObject\",\"inLanguage\":\"fr-FR\",\"@id\":\"https:\\\/\\\/melonic.be\\\/j\\\/wp-content\\\/uploads\\\/2019\\\/04\\\/cropped-logo_banner.png\",\"url\":\"https:\\\/\\\/melonic.be\\\/j\\\/wp-content\\\/uploads\\\/2019\\\/04\\\/cropped-logo_banner.png\",\"contentUrl\":\"https:\\\/\\\/melonic.be\\\/j\\\/wp-content\\\/uploads\\\/2019\\\/04\\\/cropped-logo_banner.png\",\"width\":410,\"height\":106,\"caption\":\"Nicole Incourt\"},\"logo\":{\"@id\":\"https:\\\/\\\/melonic.be\\\/j\\\/wp-content\\\/uploads\\\/2019\\\/04\\\/cropped-logo_banner.png\"}},{\"@type\":\"Person\",\"@id\":\"https:\\\/\\\/melonic.be\\\/j\\\/#\\\/schema\\\/person\\\/d9c6b5fa47da8174958ee6a57ab62df4\",\"name\":\"admin14\",\"image\":{\"@type\":\"ImageObject\",\"inLanguage\":\"fr-FR\",\"@id\":\"https:\\\/\\\/secure.gravatar.com\\\/avatar\\\/4a86592b9beff6a6f784e666b77ff45ac5d319f7e46e905b0757b1780f53d8a8?s=96&d=mm&r=g\",\"url\":\"https:\\\/\\\/secure.gravatar.com\\\/avatar\\\/4a86592b9beff6a6f784e666b77ff45ac5d319f7e46e905b0757b1780f53d8a8?s=96&d=mm&r=g\",\"contentUrl\":\"https:\\\/\\\/secure.gravatar.com\\\/avatar\\\/4a86592b9beff6a6f784e666b77ff45ac5d319f7e46e905b0757b1780f53d8a8?s=96&d=mm&r=g\",\"caption\":\"admin14\"},\"url\":\"https:\\\/\\\/melonic.be\\\/j\\\/author\\\/admin14\\\/\"}]}<\/script>\n<!-- \/ Yoast SEO plugin. -->","yoast_head_json":{"title":"Nicole\u00a0: Parcours et entraide. - Melonic","robots":{"index":"index","follow":"follow","max-snippet":"max-snippet:-1","max-image-preview":"max-image-preview:large","max-video-preview":"max-video-preview:-1"},"canonical":"https:\/\/melonic.be\/j\/nicole-parcours-et-entraide\/","og_locale":"fr_FR","og_type":"article","og_title":"Nicole\u00a0: Parcours et entraide. - Melonic","og_description":"Qui sommes-nous, Am\u00e9lie et moi\u00a0? Am\u00e9lie, est ma fille unique. Elle est partie de l\u2019autre c\u00f4t\u00e9 du voile il y a\u00a011 ans maintenant, dans le contexte d\u2019un accident de voiture. Elle allait avoir 22 ans. Nous avons v\u00e9cu pas loin de 2\/3 de sa vie, nous 2, dans une tr\u00e8s grande complicit\u00e9 et un dialogue [&hellip;]","og_url":"https:\/\/melonic.be\/j\/nicole-parcours-et-entraide\/","og_site_name":"Melonic","article_published_time":"2019-04-27T11:42:43+00:00","author":"admin14","twitter_card":"summary_large_image","twitter_misc":{"\u00c9crit par":"admin14","Dur\u00e9e de lecture estim\u00e9e":"28 minutes"},"schema":{"@context":"https:\/\/schema.org","@graph":[{"@type":"Article","@id":"https:\/\/melonic.be\/j\/nicole-parcours-et-entraide\/#article","isPartOf":{"@id":"https:\/\/melonic.be\/j\/nicole-parcours-et-entraide\/"},"author":{"name":"admin14","@id":"https:\/\/melonic.be\/j\/#\/schema\/person\/d9c6b5fa47da8174958ee6a57ab62df4"},"headline":"Nicole\u00a0: Parcours et entraide.","datePublished":"2019-04-27T11:42:43+00:00","mainEntityOfPage":{"@id":"https:\/\/melonic.be\/j\/nicole-parcours-et-entraide\/"},"wordCount":5595,"publisher":{"@id":"https:\/\/melonic.be\/j\/#\/schema\/person\/16854370e1792906f271cdce232cd4f3"},"articleSection":["Contacts Gis\u00e8le &amp; Nicole"],"inLanguage":"fr-FR"},{"@type":"WebPage","@id":"https:\/\/melonic.be\/j\/nicole-parcours-et-entraide\/","url":"https:\/\/melonic.be\/j\/nicole-parcours-et-entraide\/","name":"Nicole\u00a0: Parcours et entraide. - Melonic","isPartOf":{"@id":"https:\/\/melonic.be\/j\/#website"},"datePublished":"2019-04-27T11:42:43+00:00","breadcrumb":{"@id":"https:\/\/melonic.be\/j\/nicole-parcours-et-entraide\/#breadcrumb"},"inLanguage":"fr-FR","potentialAction":[{"@type":"ReadAction","target":["https:\/\/melonic.be\/j\/nicole-parcours-et-entraide\/"]}]},{"@type":"BreadcrumbList","@id":"https:\/\/melonic.be\/j\/nicole-parcours-et-entraide\/#breadcrumb","itemListElement":[{"@type":"ListItem","position":1,"name":"Accueil","item":"https:\/\/melonic.be\/j\/"},{"@type":"ListItem","position":2,"name":"Nicole\u00a0: Parcours et entraide."}]},{"@type":"WebSite","@id":"https:\/\/melonic.be\/j\/#website","url":"https:\/\/melonic.be\/j\/","name":"Melonic","description":"","publisher":{"@id":"https:\/\/melonic.be\/j\/#\/schema\/person\/16854370e1792906f271cdce232cd4f3"},"potentialAction":[{"@type":"SearchAction","target":{"@type":"EntryPoint","urlTemplate":"https:\/\/melonic.be\/j\/?s={search_term_string}"},"query-input":{"@type":"PropertyValueSpecification","valueRequired":true,"valueName":"search_term_string"}}],"inLanguage":"fr-FR"},{"@type":["Person","Organization"],"@id":"https:\/\/melonic.be\/j\/#\/schema\/person\/16854370e1792906f271cdce232cd4f3","name":"Nicole Incourt","image":{"@type":"ImageObject","inLanguage":"fr-FR","@id":"https:\/\/melonic.be\/j\/wp-content\/uploads\/2019\/04\/cropped-logo_banner.png","url":"https:\/\/melonic.be\/j\/wp-content\/uploads\/2019\/04\/cropped-logo_banner.png","contentUrl":"https:\/\/melonic.be\/j\/wp-content\/uploads\/2019\/04\/cropped-logo_banner.png","width":410,"height":106,"caption":"Nicole Incourt"},"logo":{"@id":"https:\/\/melonic.be\/j\/wp-content\/uploads\/2019\/04\/cropped-logo_banner.png"}},{"@type":"Person","@id":"https:\/\/melonic.be\/j\/#\/schema\/person\/d9c6b5fa47da8174958ee6a57ab62df4","name":"admin14","image":{"@type":"ImageObject","inLanguage":"fr-FR","@id":"https:\/\/secure.gravatar.com\/avatar\/4a86592b9beff6a6f784e666b77ff45ac5d319f7e46e905b0757b1780f53d8a8?s=96&d=mm&r=g","url":"https:\/\/secure.gravatar.com\/avatar\/4a86592b9beff6a6f784e666b77ff45ac5d319f7e46e905b0757b1780f53d8a8?s=96&d=mm&r=g","contentUrl":"https:\/\/secure.gravatar.com\/avatar\/4a86592b9beff6a6f784e666b77ff45ac5d319f7e46e905b0757b1780f53d8a8?s=96&d=mm&r=g","caption":"admin14"},"url":"https:\/\/melonic.be\/j\/author\/admin14\/"}]}},"_links":{"self":[{"href":"https:\/\/melonic.be\/j\/wp-json\/wp\/v2\/posts\/1969","targetHints":{"allow":["GET"]}}],"collection":[{"href":"https:\/\/melonic.be\/j\/wp-json\/wp\/v2\/posts"}],"about":[{"href":"https:\/\/melonic.be\/j\/wp-json\/wp\/v2\/types\/post"}],"author":[{"embeddable":true,"href":"https:\/\/melonic.be\/j\/wp-json\/wp\/v2\/users\/1"}],"replies":[{"embeddable":true,"href":"https:\/\/melonic.be\/j\/wp-json\/wp\/v2\/comments?post=1969"}],"version-history":[{"count":1,"href":"https:\/\/melonic.be\/j\/wp-json\/wp\/v2\/posts\/1969\/revisions"}],"predecessor-version":[{"id":1970,"href":"https:\/\/melonic.be\/j\/wp-json\/wp\/v2\/posts\/1969\/revisions\/1970"}],"wp:attachment":[{"href":"https:\/\/melonic.be\/j\/wp-json\/wp\/v2\/media?parent=1969"}],"wp:term":[{"taxonomy":"category","embeddable":true,"href":"https:\/\/melonic.be\/j\/wp-json\/wp\/v2\/categories?post=1969"},{"taxonomy":"post_tag","embeddable":true,"href":"https:\/\/melonic.be\/j\/wp-json\/wp\/v2\/tags?post=1969"}],"curies":[{"name":"wp","href":"https:\/\/api.w.org\/{rel}","templated":true}]}}