{"id":1993,"date":"2019-04-27T16:11:05","date_gmt":"2019-04-27T14:11:05","guid":{"rendered":"http:\/\/melonic.be\/j\/?p=1993"},"modified":"2019-04-27T16:11:05","modified_gmt":"2019-04-27T14:11:05","slug":"un-beau-texte-de-jean-sur-la-maniere-dapprehender-la-vie-et-la-mort","status":"publish","type":"post","link":"https:\/\/melonic.be\/j\/un-beau-texte-de-jean-sur-la-maniere-dapprehender-la-vie-et-la-mort\/","title":{"rendered":"Un beau texte de Jean, sur la mani\u00e8re d\u2019appr\u00e9hender la vie et la mort"},"content":{"rendered":"<div>Un jour, nous serons tous m\u00e9diums et gu\u00e9risseurs.<\/div>\n<div><\/div>\n<p>Notre monde est g\u00e9r\u00e9, manipul\u00e9, par une poign\u00e9e de personnes. Ces individus ont cr\u00e9\u00e9 et nous ont inocul\u00e9 le virus de l\u2019argent et du pouvoir, du chacun pour soi, de la possession \u00e0 tous prix.<\/p>\n<p>En suivant leur enseignement, nous nous sommes appauvris de notre raison d\u2019\u00eatre sur la terre.<\/p>\n<p>L\u2019univers change, de plus en plus de gens occupant des postes \u00e0 grandes responsabilit\u00e9s, et percevant des salaires plantureux, abandonnent ce genre d\u2019existence pour vivre en pleine conscience, leur d\u00e9couverte int\u00e9rieure.<\/p>\n<p>Nicole nous a pr\u00e9sent\u00e9 le livre de Patricia Darr\u00e9\u00a0: \u00ab\u00a0Un souffle vers l\u2019\u00e9ternit\u00e9.\u00a0\u00bb<\/p>\n<p>Je voudrais y revenir un instant.<\/p>\n<p>En 150 pages, l\u2019auteur fait un r\u00e9sumer \u00e9tonnant de la r\u00e9alit\u00e9 de notre existence mais aussi, et surtout, de la relation, dans les deux sens, entre les humains terre et les \u00eatres de l\u2019autre rive.<\/p>\n<p><img decoding=\"async\" class=\"alignnone size-full wp-image-1994\" src=\"http:\/\/melonic.be\/j\/wp-content\/uploads\/2019\/04\/05.jpg\" alt=\"\" width=\"168\" height=\"134\" \/><\/p>\n<p>A l\u2019\u00e9poque o\u00f9 l\u2019on nous serine les oreilles avec nos droits, \u00ab\u00a0Les droits de l\u2019homme\u00a0\u00bb, on a une f\u00e2cheuse tendance \u00e0 ignorer nos devoirs.<\/p>\n<p>Et dans toutes communaut\u00e9s, dans toutes formes de vie, les devoirs sont r\u00e9ciproques, comme les droits.<\/p>\n<p>Chaque \u00eatre \u00e0 un devoir vis-\u00e0-vis de lui-m\u00eame, vis-\u00e0-vis des autres, vis-\u00e0-vis de ceux qui ont fait le grand voyage. Envers la terre et l\u2019univers.<\/p>\n<p>Cela va dans les deux sens, du haut vers le bas et du bas vers le haut.<\/p>\n<p>Cela s\u2019applique \u00e0 soi-m\u00eame, \u00e0 ceux que l\u2019on aime, \u00e0 ceux que l\u2019on ignore ou que l\u2019on n\u2019aime pas. A ceux que l\u2019on voit, aux \u00eatres mat\u00e9rialis\u00e9s, aux invisibles.<\/p>\n<p>Vivre, ce n\u2019est pas attendre une fin. Vivre ce n\u2019est pas amasser l\u2019inutile. Vivre c\u2019est \u00eatre conscient. Vivre c\u2019est \u00eatre responsable.<\/p>\n<p>Je suis conscient que j\u2019ai fait un choix avant de na\u00eetre dans cette vie. Je suis conscient du fait que je b\u00e2tis ma vie. Je suis conscient de mon immortalit\u00e9.<\/p>\n<p>Je suis responsable de mon \u00eatre. Je suis responsable de mes pens\u00e9es, de mes actes. Je suis responsable de mon pr\u00e9sent \u00e0 venir.<\/p>\n<p>Je suis conscient que ma vie n\u2019est pas \u00e9ph\u00e9m\u00e8re, je vais vivre et mourir autant de fois que cela sera n\u00e9cessaire \u00e0 mon \u00e9l\u00e9vation. Pour cela, je voyagerai de plan en plan, de syst\u00e8me de vie en syst\u00e8me de vie. Je suis responsable de ce que je mets en place pour y parvenir.<\/p>\n<p>Apr\u00e8s le d\u00e9part d\u2019un \u00eatre cher, nous nous trouvons souvent face \u00e0 une injustice, au \u00ab\u00a0pourquoi \u00e0 moi\u00a0?\u00a0\u00bb<\/p>\n<p>Un d\u00e9part ne doit pas \u00eatre l\u2019instauration d\u2019une lamentation sans fin. Je reconnais que cette phrase est tr\u00e8s dure.<\/p>\n<p>Nous avons un devoir envers celle ou celui qui part. Le devoir de l\u2019aider \u00e0 passer.<\/p>\n<p>La tristesse est une expression tout \u00e0 fait normale, humaine. L\u2019entretenir ne les aide pas \u00e0 \u00e9voluer et donc nous freine, nous aussi, dans notre propre \u00e9volution.<\/p>\n<p>Patricia Darr\u00e9 \u00e9crit ceci\u00a0:\u00a0\u00ab\u00a0Le message de ceux qui nous quittent est\u00a0le suivant\u00a0: Il faut que tu fasses sans moi. Ce ne sera plus comme avant, mais c\u2019est un nouveau chemin, une nouvelle aventure qui commence, tu vas d\u00e9couvrir des choses que tu n\u2019aurais pas pu vivre avant cela.\u00a0\u00bb (1)\u00a0\u00a0p.99<\/p>\n<p>L\u2019absent, d\u00e8s qu&rsquo;il prend conscience de sa nouvelle vie, peut \u00e0 son tour nous aider. N\u2019oublions pas cependant, que si, nous humains, avons \u00e9tabli des lois, dans l\u2019au-del\u00e0, il existe aussi des r\u00e8gles \u00e0 suivre.<\/p>\n<p>\u00ab\u00a0Dans l\u2019au-del\u00e0, les seules lois valables sont celles de l\u2019\u00e9volution et de la cr\u00e9ativit\u00e9\u00a0: les morts ont la capacit\u00e9 de cr\u00e9er l\u2019environnement qui est favorable \u00e0 leur \u00e9volution.\u00a0\u00bb (2)\u00a0 p.44<\/p>\n<p>Ceci exprime clairement que l\u2019au-del\u00e0 n\u2019appartient pas seulement \u00e0 une religion ou une philosophie bien distincte. L\u2019esprit pense d\u2019une fa\u00e7on bien plus large. Il d\u00e9couvre la r\u00e9alit\u00e9 de la \u00ab\u00a0tol\u00e9rance\u00a0\u00bb.<\/p>\n<p>Il est difficile pour nous, dans notre syst\u00e8me de vie terrestre, de comprendre la r\u00e9alit\u00e9, la n\u00e9cessit\u00e9 de l\u2019\u00e9quilibre du partage dans l\u2019\u00e9l\u00e9vation spirituelle. Pour beaucoup d\u2019entre nous, la mort est une fin. \u00ab\u00a0Repose en paix.\u00a0\u00bb entend-on souvent.<\/p>\n<p>La mort n\u2019est pas une fin en soi. P.Darr\u00e9 \u00e9crit\u00a0:\u00a0\u00ab\u00a0Quand on est mort, on travaille\u2026on est juste pass\u00e9 dans une autre r\u00e9alit\u00e9 mais la vie continue.\u00a0\u00bb (3)\u00a0 p.45<\/p>\n<p>Mais encore, \u00ab\u00a0Ce que nous appelons la mort, ou le royaume des morts, n\u2019est qu&rsquo;une transition avant d\u2019aller encore plus loin. Je me souviens d\u2019un esprit qui me disait\u00a0: Je suis bien l\u00e0 o\u00f9 je suis, mais je dois partir ailleurs, je ne sais pas encore o\u00f9, mais je sais que mon d\u00e9part est imminent.\u00a0\u00bb (4)\u00a0 p.103<\/p>\n<p>Si nous acceptons la r\u00e9ciprocit\u00e9 entre nos deux mondes, nous voyons que nos absents sont r\u00e9guli\u00e8rement en mouvement. De m\u00eame, nous le sommes \u00e9galement, par nos voyages hors du corps, conscients ou non.<\/p>\n<p>Tout est dans un \u00e9quilibre parfait.<\/p>\n<p><img decoding=\"async\" class=\"alignnone size-full wp-image-1995\" src=\"http:\/\/melonic.be\/j\/wp-content\/uploads\/2019\/04\/03.jpg\" alt=\"\" width=\"113\" height=\"168\" \/><\/p>\n<p>Souvent, nous avons tendance \u00e0 demander de l\u2019aide. Souvent, nous oublions d\u2019offrir la n\u00f4tre. C\u2019est pourtant de cette fa\u00e7on que nous d\u00e9couvrons l\u2019importance que portent nos pri\u00e8res dans leur et notre \u00e9l\u00e9vation.<\/p>\n<p>Pour ce faire, il faut que nous trouvions aussi l\u2019\u00e9quilibre en nous-m\u00eames, et une clef pour y arriver est la paix int\u00e9rieure.<\/p>\n<p>Pour acqu\u00e9rir cette paix, il faut avant tout faire la paix avec l\u2019autre, visible ou invisible.<\/p>\n<p>P.Darr\u00e9 nous relate un contact avec Napol\u00e9on\u00a0: Il lui demande, \u00ab\u00a0Ne doit-on aider que les personnes que l\u2019on aime\u00a0?\u00a0\u00bb (5) p.132. P.Darr\u00e9 qui n\u2019a pas envie de communiquer avec lui est rappel\u00e9e \u00e0 l\u2019ordre par sa hi\u00e9rarchie\u00a0: \u00ab\u00a0Tu dois accepter. Cesse de lutter contre toi-m\u00eame. Cela fait partie de ton chemin.\u00a0\u00bb (6) p.133<\/p>\n<p>Elle \u00e9crit encore\u00a0: \u00ab\u00a0Nos guides nous demandent de faire la paix avec les autres.\u00a0\u00bb (7) p.135<\/p>\n<p>Tout est l\u00e0. Il y eut un soir, il y eut un matin.<\/p>\n<p>Notre existence se vit sur deux plans, ici et l\u00e0-bas. On nous rappelle la n\u00e9cessit\u00e9 du pardon, de l\u2019amour inconditionnel. La pr\u00e9paration\u00a0maintenant\u00a0\u00a0de notre pr\u00e9sent \u00e0 venir.<\/p>\n<p>Cela peut para\u00eetre risible, voir fantaisiste, cette communication avec Napol\u00e9on. Pourtant, l\u2019auteur\u00a0 du livre aura \u00e9galement une communication avec Jeanne d\u2019Arc. Tous deux lui demanderont de \u00ab\u00a0faire la v\u00e9rit\u00e9\u00a0\u00bb\u00a0sur leur existence, \u00ab\u00a0avant le changement d\u2019\u00e9poque.\u00a0\u00bb.\u00a0 (8)\u00a0 p.140<\/p>\n<p>Cela me rappelle le t\u00e9moignage de ma fille S., 31 ans. Elle re\u00e7ut la visite, la nuit, d\u2019un jeune gar\u00e7on tr\u00e8s agit\u00e9 qui lui demandait d\u2019aller trouver ses parents pour\u00a0\u00ab\u00a0r\u00e9tablir la v\u00e9rit\u00e9\u00a0\u00bb\u00a0sur sa mort. Il voulait qu&rsquo;ils sachent qu&rsquo;il ne s\u2019\u00e9tait pas suicid\u00e9.<\/p>\n<p>Comme je le dis dans mon introduction, notre monde change, avec lui, une importante population toutes ethnies, toutes classes sociales, toutes religions ou philosophies confondues.<\/p>\n<p>En d\u00e9cembre 2012, notre syst\u00e8me de vie bouclait un cycle. Nous n\u2019allions pas vers la fin du monde, mais vers la fin d\u2019un monde, vers une nouvelle \u00e8re.<\/p>\n<p>Dans son ouvrage, P.Darr\u00e9 \u00e9crit\u00a0: \u00ab\u00a0\u2026une nouvelle \u00e8re commence pour l\u2019humanit\u00e9\u2026\u00a0\u00bb. (9)\u00a0 p.140<\/p>\n<p>Notre passage dans un nouveau cycle est d\u00e9crit dans un livre de Gregg Braden\u00a0: \u00ab\u00a0Le temps fractal\u00a0\u00bb &#8211; \u00e9d. Ariane \u2013 2010.<\/p>\n<p>De plus en plus de gens prennent conscience du conditionnement dans lequel ils se sont laiss\u00e9s enferm\u00e9s. De plus en plus, ils d\u00e9cident de reprendre \u00ab\u00a0leur\u00a0\u00bb\u00a0vie en main.<\/p>\n<p>Prendre soin de soi, c\u2019est s\u2019aimer davantage, c\u2019est s\u2019accepter tel que l\u2019on est, c\u2019est se pardonner et sortir de sa culpabilit\u00e9.<\/p>\n<p>Ce pas de g\u00e9ant, nous ouvre l\u2019\u00e2me et les yeux sur ce qui nous entoure, sur ceux qui nous entourent. Notre perception des choses se modifie. Nous nous ouvrons \u00e0 notre essence 1\u00e8re. Nous avons alors l\u2019impression que le temps s\u2019acc\u00e9l\u00e8re. P.Darr\u00e9 nous le dit tr\u00e8s bien, l\u2019ouverture de la conscience nous fait penser que le temps, notre syst\u00e8me de temps, va plus vite. Pour le taciturne, le temps semble une \u00e9ternit\u00e9.<\/p>\n<p>En d\u00e9couvrant l\u2019essentiel, en nous s\u00e9parant du superflu, et je ne parle pas que du mat\u00e9riel, en \u00e9changeant, nous faisons place \u00e0 un don que nous poss\u00e9dons tous\u00a0: la perception des signes, la possibilit\u00e9 de communiquer, l\u2019\u00e9nergie transmise par nos mains.<\/p>\n<p>Nous le pouvons tous mais il faut s\u2019engager dans le changement.<\/p>\n<p>\u00ab\u00a0En m\u00e9diumnit\u00e9, le temps, c\u2019est l\u00e0 o\u00f9 se trouve l\u2019exp\u00e9rience, et l\u2019exp\u00e9rience change le temps. Ce qui est primordial pour nos consciences ne se situe ni dans le pass\u00e9 ni dans le futur, mais bien dans l\u2019instant de l\u2019exp\u00e9rience, dans l\u2019\u00a0\u00ab\u00a0\u00eatre\u00a0\u00bb ici et maintenant.\u00a0\u00bb (10) p.149<\/p>\n<p>Cela nous bouscule un peu de nos bonnes vieilles habitudes appel\u00e9es \u00ab\u00a0routine\u00a0\u00bb.<\/p>\n<p>Le Dr. K\u00fcbler traduit ces changements \u00e0 venir avec des mots durs, qui peuvent faire peur, mais combien vrais.<\/p>\n<p>\u00ab\u00a0Ma vraie t\u00e2che, et l\u00e0 j\u2019ai besoin de votre aide, consiste \u00e0 dire aux hommes que la mort n\u2019existe pas. Il est important que l\u2019humanit\u00e9 le sache, car nous nous trouvons au seuil d\u2019une p\u00e9riode tr\u00e8s difficile, non seulement pour l\u2019Am\u00e9rique, mais pour toute la plan\u00e8te Terre. La faute en incombe \u00e0 notre cupidit\u00e9 et \u00e0 notre mat\u00e9rialisme, la faute en incombe \u00e0 notre comportement en mati\u00e8re de pollution. Nous sommes coupables d\u2019avoir d\u00e9truit tant de dons de la nature, nous sommes coupables d\u2019avoir perdu toute spiritualit\u00e9. J\u2019exag\u00e8re un peu, mais s\u00fbrement pas beaucoup.\u00a0Le seul moyen d\u2019amener un changement pour l\u2019av\u00e8nement d\u2019un nouvel \u00e2ge, consiste en ce que la terre commence \u00e0 trembler afin que nous soyons secou\u00e9s.\u00a0\u00bb\u00a01984. (11)<\/p>\n<p>Tout changement engendre une appr\u00e9hension, une crainte, la peur. Nous sommes comme le petit oiseau sur le bord du nid. C\u2019est son 1er\u00a0vol, il craint de ne pouvoir y arriver, puis il se lance dans le vide en ouvrant ses ailes et l\u00e0, d\u00e9couvre sa vraie vie dans l\u2019immensit\u00e9.<\/p>\n<p><img decoding=\"async\" class=\"alignnone size-full wp-image-1996\" src=\"http:\/\/melonic.be\/j\/wp-content\/uploads\/2019\/04\/06.jpg\" alt=\"\" width=\"139\" height=\"168\" \/><\/p>\n<p>C\u2019est pareil pour nous.<\/p>\n<p>Cette mutation dans notre mani\u00e8re de penser et de vivre ne passe pas inaper\u00e7ue. Vous remarquerez de profondes diff\u00e9rences. Vous aurez l\u2019impression de ne pas vous reconnaitre. Vous ressentirez des sympt\u00f4mes physiques mais aussi \u00e9motionnels. Il ne sera pas rare d\u2019avoir des insomnies. Tout cela va vous amener \u00e0 vous d\u00e9couvrir vraiment.<\/p>\n<p>P.Darr\u00e9 pr\u00e9conise de parler \u00e0 son corps et de lui dire que l\u2019on accepte ces changements.<\/p>\n<p>Vous allez \u00e0 l\u2019\u00e9coute de votre\u00a0\u00ab\u00a0MOI\u00a0\u00bb. Vous choisirez de faire des tris dans vos amis, vos connaissances et dans vos activit\u00e9s.<\/p>\n<p>L\u2019auteur nous dit que depuis 2011, la communication avec les morts est plus difficile \u00e0 cause d\u2019interf\u00e9rences, de perturbation, de silence (12) p.153. Elle nous dit que les \u00ab\u00a0mauvais esprits\u00a0\u00bb auront moins de prise sur nous.<\/p>\n<p>L\u2019homme va progressivement redevenir son propre guide. Il va red\u00e9couvrir son \u00eatre int\u00e9rieur, ses perceptions qu&rsquo;il a abandonn\u00e9 au nom de la soci\u00e9t\u00e9 mat\u00e9rialiste.<\/p>\n<p>\u00ab\u00a0Nous sommes capable de ressentir et de communiquer avec les morts, de gu\u00e9rir les autres avec nos mains\u2026\u00a0\u00bb (13) p. 153<\/p>\n<p>Notre Janus, \u00eatre et paraitre va laisser place au Vrai. L\u2019\u00e2me prendra le dessus sur le mental.<\/p>\n<p>\u00ab\u00a0Il n\u2019a plus besoin des dogmes et de religiosit\u00e9 pour avancer, et il d\u00e9couvre la synchronicit\u00e9 du monde\u00a0: ce qu&rsquo;\u2019il voit et entend autour de lui vient le conforter dans son chemin de vie.\u00a0\u00bb (14) p.154<\/p>\n<p>L\u2019homme assimilera que la mort n\u2019est que physique, l\u2019absent continue son \u00e9volution et il nous apporte sa force, la conscience ne s\u2019\u00e9teint pas, elle \u00e9volue.<\/p>\n<p>\u00ab\u00a0Nous ne sommes pas sur Terre\u00a0 que pour souffrir, la mort et les \u00e9preuves que l\u2019on traverse ne sont pas des punitions mais un moteur pour nous faire avancer, pour acc\u00e9der au niveau sup\u00e9rieur.\u00a0\u00bb (15) p.155<\/p>\n<p>Vivons l\u2019instant pr\u00e9sent. Ne nous accrochons pas \u00e0 la mati\u00e8re, ce serait plier sous le joug de ceux qui nous manipulent. Acceptons-nous tels que nous sommes. Respectons l\u2019autre tel qu&rsquo;il est, il ne nous appartient pas d\u2019essayer de le changer, ce ne serait pas vrai.<\/p>\n<p>Rien n\u2019est facile, certainement pas le changement. Nous serons confront\u00e9s \u00e0 l\u2019ombre et la lumi\u00e8re. Mais l\u2019important c\u2019est d\u2019\u00e9tablir un \u00e9quilibre entre les deux.<\/p>\n<p>Vous allez vers une magnifique transformation, vous d\u00e9couvrez que vous \u00eates un atome de cette formidable source d\u2019\u00e9nergie et cr\u00e9atrice que nous appelons commun\u00e9ment Dieu. Vos possibilit\u00e9s, vos dons ne demandent qu&rsquo;\u00e0 donner.<\/p>\n<p>Nous sommes tous des m\u00e9diums et des gu\u00e9risseurs.<\/p>\n<p>Soyez heureux.<\/p>\n<p>Notes:<\/p>\n<div><\/div>\n<p>Pages\u00a0: 1-2-3-4-5-6-7-8-9-10-12-13-14-15- Patricia Darr\u00e9 \u2013 \u00ab\u00a0un souffle vers l\u2019\u00e9ternit\u00e9\u00a0\u00bb &#8211; J\u2019ai lu.<\/p>\n<p>Page\u00a0: 11- Elisabeth K\u00fcbler-Ross \u2013 \u00ab\u00a0La mort est un nouveau soleil\u00a0\u00bb &#8211; Ed. du Rocher.<\/p>\n<p>Bien \u00e0 vous,<\/p>\n<p>Jean,<\/p>\n","protected":false},"excerpt":{"rendered":"<p>Un jour, nous serons tous m\u00e9diums et gu\u00e9risseurs. Notre monde est g\u00e9r\u00e9, manipul\u00e9, par une poign\u00e9e de personnes. Ces individus ont cr\u00e9\u00e9 et nous ont inocul\u00e9 le virus de l\u2019argent et du pouvoir, du chacun pour soi, de la possession \u00e0 tous prix. En suivant leur enseignement, nous nous sommes appauvris de notre raison d\u2019\u00eatre [&hellip;]<\/p>\n","protected":false},"author":1,"featured_media":0,"comment_status":"closed","ping_status":"open","sticky":false,"template":"","format":"standard","meta":{"ocean_post_layout":"","ocean_both_sidebars_style":"","ocean_both_sidebars_content_width":0,"ocean_both_sidebars_sidebars_width":0,"ocean_sidebar":"0","ocean_second_sidebar":"0","ocean_disable_margins":"enable","ocean_add_body_class":"","ocean_shortcode_before_top_bar":"","ocean_shortcode_after_top_bar":"","ocean_shortcode_before_header":"","ocean_shortcode_after_header":"","ocean_has_shortcode":"","ocean_shortcode_after_title":"","ocean_shortcode_before_footer_widgets":"","ocean_shortcode_after_footer_widgets":"","ocean_shortcode_before_footer_bottom":"","ocean_shortcode_after_footer_bottom":"","ocean_display_top_bar":"default","ocean_display_header":"default","ocean_header_style":"","ocean_center_header_left_menu":"0","ocean_custom_header_template":"0","ocean_custom_logo":0,"ocean_custom_retina_logo":0,"ocean_custom_logo_max_width":0,"ocean_custom_logo_tablet_max_width":0,"ocean_custom_logo_mobile_max_width":0,"ocean_custom_logo_max_height":0,"ocean_custom_logo_tablet_max_height":0,"ocean_custom_logo_mobile_max_height":0,"ocean_header_custom_menu":"0","ocean_menu_typo_font_family":"0","ocean_menu_typo_font_subset":"","ocean_menu_typo_font_size":0,"ocean_menu_typo_font_size_tablet":0,"ocean_menu_typo_font_size_mobile":0,"ocean_menu_typo_font_size_unit":"px","ocean_menu_typo_font_weight":"","ocean_menu_typo_font_weight_tablet":"","ocean_menu_typo_font_weight_mobile":"","ocean_menu_typo_transform":"","ocean_menu_typo_transform_tablet":"","ocean_menu_typo_transform_mobile":"","ocean_menu_typo_line_height":0,"ocean_menu_typo_line_height_tablet":0,"ocean_menu_typo_line_height_mobile":0,"ocean_menu_typo_line_height_unit":"","ocean_menu_typo_spacing":0,"ocean_menu_typo_spacing_tablet":0,"ocean_menu_typo_spacing_mobile":0,"ocean_menu_typo_spacing_unit":"","ocean_menu_link_color":"","ocean_menu_link_color_hover":"","ocean_menu_link_color_active":"","ocean_menu_link_background":"","ocean_menu_link_hover_background":"","ocean_menu_link_active_background":"","ocean_menu_social_links_bg":"","ocean_menu_social_hover_links_bg":"","ocean_menu_social_links_color":"","ocean_menu_social_hover_links_color":"","ocean_disable_title":"default","ocean_disable_heading":"default","ocean_post_title":"","ocean_post_subheading":"","ocean_post_title_style":"","ocean_post_title_background_color":"","ocean_post_title_background":0,"ocean_post_title_bg_image_position":"","ocean_post_title_bg_image_attachment":"","ocean_post_title_bg_image_repeat":"","ocean_post_title_bg_image_size":"","ocean_post_title_height":0,"ocean_post_title_bg_overlay":0.5,"ocean_post_title_bg_overlay_color":"","ocean_disable_breadcrumbs":"default","ocean_breadcrumbs_color":"","ocean_breadcrumbs_separator_color":"","ocean_breadcrumbs_links_color":"","ocean_breadcrumbs_links_hover_color":"","ocean_display_footer_widgets":"default","ocean_display_footer_bottom":"default","ocean_custom_footer_template":"0","ocean_post_oembed":"","ocean_post_self_hosted_media":"","ocean_post_video_embed":"","ocean_link_format":"","ocean_link_format_target":"self","ocean_quote_format":"","ocean_quote_format_link":"post","ocean_gallery_link_images":"off","ocean_gallery_id":[],"footnotes":""},"categories":[24],"tags":[],"class_list":["post-1993","post","type-post","status-publish","format-standard","hentry","category-textes","entry"],"yoast_head":"<!-- This site is optimized with the Yoast SEO plugin v27.5 - https:\/\/yoast.com\/product\/yoast-seo-wordpress\/ -->\n<title>Un beau texte de Jean, sur la mani\u00e8re d\u2019appr\u00e9hender la vie et la mort - Melonic<\/title>\n<meta name=\"robots\" content=\"index, follow, max-snippet:-1, max-image-preview:large, max-video-preview:-1\" \/>\n<link rel=\"canonical\" href=\"https:\/\/melonic.be\/j\/un-beau-texte-de-jean-sur-la-maniere-dapprehender-la-vie-et-la-mort\/\" \/>\n<meta property=\"og:locale\" content=\"fr_FR\" \/>\n<meta property=\"og:type\" content=\"article\" \/>\n<meta property=\"og:title\" content=\"Un beau texte de Jean, sur la mani\u00e8re d\u2019appr\u00e9hender la vie et la mort - Melonic\" \/>\n<meta property=\"og:description\" content=\"Un jour, nous serons tous m\u00e9diums et gu\u00e9risseurs. Notre monde est g\u00e9r\u00e9, manipul\u00e9, par une poign\u00e9e de personnes. Ces individus ont cr\u00e9\u00e9 et nous ont inocul\u00e9 le virus de l\u2019argent et du pouvoir, du chacun pour soi, de la possession \u00e0 tous prix. En suivant leur enseignement, nous nous sommes appauvris de notre raison d\u2019\u00eatre [&hellip;]\" \/>\n<meta property=\"og:url\" content=\"https:\/\/melonic.be\/j\/un-beau-texte-de-jean-sur-la-maniere-dapprehender-la-vie-et-la-mort\/\" \/>\n<meta property=\"og:site_name\" content=\"Melonic\" \/>\n<meta property=\"article:published_time\" content=\"2019-04-27T14:11:05+00:00\" \/>\n<meta property=\"og:image\" content=\"http:\/\/melonic.be\/j\/wp-content\/uploads\/2019\/04\/05.jpg\" \/>\n<meta name=\"author\" content=\"admin14\" \/>\n<meta name=\"twitter:card\" content=\"summary_large_image\" \/>\n<meta name=\"twitter:label1\" content=\"\u00c9crit par\" \/>\n\t<meta name=\"twitter:data1\" content=\"admin14\" \/>\n\t<meta name=\"twitter:label2\" content=\"Dur\u00e9e de lecture estim\u00e9e\" \/>\n\t<meta name=\"twitter:data2\" content=\"11 minutes\" \/>\n<script type=\"application\/ld+json\" class=\"yoast-schema-graph\">{\"@context\":\"https:\\\/\\\/schema.org\",\"@graph\":[{\"@type\":\"Article\",\"@id\":\"https:\\\/\\\/melonic.be\\\/j\\\/un-beau-texte-de-jean-sur-la-maniere-dapprehender-la-vie-et-la-mort\\\/#article\",\"isPartOf\":{\"@id\":\"https:\\\/\\\/melonic.be\\\/j\\\/un-beau-texte-de-jean-sur-la-maniere-dapprehender-la-vie-et-la-mort\\\/\"},\"author\":{\"name\":\"admin14\",\"@id\":\"https:\\\/\\\/melonic.be\\\/j\\\/#\\\/schema\\\/person\\\/d9c6b5fa47da8174958ee6a57ab62df4\"},\"headline\":\"Un beau texte de Jean, sur la mani\u00e8re d\u2019appr\u00e9hender la vie et la mort\",\"datePublished\":\"2019-04-27T14:11:05+00:00\",\"mainEntityOfPage\":{\"@id\":\"https:\\\/\\\/melonic.be\\\/j\\\/un-beau-texte-de-jean-sur-la-maniere-dapprehender-la-vie-et-la-mort\\\/\"},\"wordCount\":2219,\"publisher\":{\"@id\":\"https:\\\/\\\/melonic.be\\\/j\\\/#\\\/schema\\\/person\\\/16854370e1792906f271cdce232cd4f3\"},\"image\":{\"@id\":\"https:\\\/\\\/melonic.be\\\/j\\\/un-beau-texte-de-jean-sur-la-maniere-dapprehender-la-vie-et-la-mort\\\/#primaryimage\"},\"thumbnailUrl\":\"http:\\\/\\\/melonic.be\\\/j\\\/wp-content\\\/uploads\\\/2019\\\/04\\\/05.jpg\",\"articleSection\":[\"Textes\"],\"inLanguage\":\"fr-FR\"},{\"@type\":\"WebPage\",\"@id\":\"https:\\\/\\\/melonic.be\\\/j\\\/un-beau-texte-de-jean-sur-la-maniere-dapprehender-la-vie-et-la-mort\\\/\",\"url\":\"https:\\\/\\\/melonic.be\\\/j\\\/un-beau-texte-de-jean-sur-la-maniere-dapprehender-la-vie-et-la-mort\\\/\",\"name\":\"Un beau texte de Jean, sur la mani\u00e8re d\u2019appr\u00e9hender la vie et la mort - Melonic\",\"isPartOf\":{\"@id\":\"https:\\\/\\\/melonic.be\\\/j\\\/#website\"},\"primaryImageOfPage\":{\"@id\":\"https:\\\/\\\/melonic.be\\\/j\\\/un-beau-texte-de-jean-sur-la-maniere-dapprehender-la-vie-et-la-mort\\\/#primaryimage\"},\"image\":{\"@id\":\"https:\\\/\\\/melonic.be\\\/j\\\/un-beau-texte-de-jean-sur-la-maniere-dapprehender-la-vie-et-la-mort\\\/#primaryimage\"},\"thumbnailUrl\":\"http:\\\/\\\/melonic.be\\\/j\\\/wp-content\\\/uploads\\\/2019\\\/04\\\/05.jpg\",\"datePublished\":\"2019-04-27T14:11:05+00:00\",\"breadcrumb\":{\"@id\":\"https:\\\/\\\/melonic.be\\\/j\\\/un-beau-texte-de-jean-sur-la-maniere-dapprehender-la-vie-et-la-mort\\\/#breadcrumb\"},\"inLanguage\":\"fr-FR\",\"potentialAction\":[{\"@type\":\"ReadAction\",\"target\":[\"https:\\\/\\\/melonic.be\\\/j\\\/un-beau-texte-de-jean-sur-la-maniere-dapprehender-la-vie-et-la-mort\\\/\"]}]},{\"@type\":\"ImageObject\",\"inLanguage\":\"fr-FR\",\"@id\":\"https:\\\/\\\/melonic.be\\\/j\\\/un-beau-texte-de-jean-sur-la-maniere-dapprehender-la-vie-et-la-mort\\\/#primaryimage\",\"url\":\"https:\\\/\\\/melonic.be\\\/j\\\/wp-content\\\/uploads\\\/2019\\\/04\\\/05.jpg\",\"contentUrl\":\"https:\\\/\\\/melonic.be\\\/j\\\/wp-content\\\/uploads\\\/2019\\\/04\\\/05.jpg\",\"width\":168,\"height\":134},{\"@type\":\"BreadcrumbList\",\"@id\":\"https:\\\/\\\/melonic.be\\\/j\\\/un-beau-texte-de-jean-sur-la-maniere-dapprehender-la-vie-et-la-mort\\\/#breadcrumb\",\"itemListElement\":[{\"@type\":\"ListItem\",\"position\":1,\"name\":\"Accueil\",\"item\":\"https:\\\/\\\/melonic.be\\\/j\\\/\"},{\"@type\":\"ListItem\",\"position\":2,\"name\":\"Un beau texte de Jean, sur la mani\u00e8re d\u2019appr\u00e9hender la vie et la mort\"}]},{\"@type\":\"WebSite\",\"@id\":\"https:\\\/\\\/melonic.be\\\/j\\\/#website\",\"url\":\"https:\\\/\\\/melonic.be\\\/j\\\/\",\"name\":\"Melonic\",\"description\":\"\",\"publisher\":{\"@id\":\"https:\\\/\\\/melonic.be\\\/j\\\/#\\\/schema\\\/person\\\/16854370e1792906f271cdce232cd4f3\"},\"potentialAction\":[{\"@type\":\"SearchAction\",\"target\":{\"@type\":\"EntryPoint\",\"urlTemplate\":\"https:\\\/\\\/melonic.be\\\/j\\\/?s={search_term_string}\"},\"query-input\":{\"@type\":\"PropertyValueSpecification\",\"valueRequired\":true,\"valueName\":\"search_term_string\"}}],\"inLanguage\":\"fr-FR\"},{\"@type\":[\"Person\",\"Organization\"],\"@id\":\"https:\\\/\\\/melonic.be\\\/j\\\/#\\\/schema\\\/person\\\/16854370e1792906f271cdce232cd4f3\",\"name\":\"Nicole Incourt\",\"image\":{\"@type\":\"ImageObject\",\"inLanguage\":\"fr-FR\",\"@id\":\"https:\\\/\\\/melonic.be\\\/j\\\/wp-content\\\/uploads\\\/2019\\\/04\\\/cropped-logo_banner.png\",\"url\":\"https:\\\/\\\/melonic.be\\\/j\\\/wp-content\\\/uploads\\\/2019\\\/04\\\/cropped-logo_banner.png\",\"contentUrl\":\"https:\\\/\\\/melonic.be\\\/j\\\/wp-content\\\/uploads\\\/2019\\\/04\\\/cropped-logo_banner.png\",\"width\":410,\"height\":106,\"caption\":\"Nicole Incourt\"},\"logo\":{\"@id\":\"https:\\\/\\\/melonic.be\\\/j\\\/wp-content\\\/uploads\\\/2019\\\/04\\\/cropped-logo_banner.png\"}},{\"@type\":\"Person\",\"@id\":\"https:\\\/\\\/melonic.be\\\/j\\\/#\\\/schema\\\/person\\\/d9c6b5fa47da8174958ee6a57ab62df4\",\"name\":\"admin14\",\"image\":{\"@type\":\"ImageObject\",\"inLanguage\":\"fr-FR\",\"@id\":\"https:\\\/\\\/secure.gravatar.com\\\/avatar\\\/4a86592b9beff6a6f784e666b77ff45ac5d319f7e46e905b0757b1780f53d8a8?s=96&d=mm&r=g\",\"url\":\"https:\\\/\\\/secure.gravatar.com\\\/avatar\\\/4a86592b9beff6a6f784e666b77ff45ac5d319f7e46e905b0757b1780f53d8a8?s=96&d=mm&r=g\",\"contentUrl\":\"https:\\\/\\\/secure.gravatar.com\\\/avatar\\\/4a86592b9beff6a6f784e666b77ff45ac5d319f7e46e905b0757b1780f53d8a8?s=96&d=mm&r=g\",\"caption\":\"admin14\"},\"url\":\"https:\\\/\\\/melonic.be\\\/j\\\/author\\\/admin14\\\/\"}]}<\/script>\n<!-- \/ Yoast SEO plugin. -->","yoast_head_json":{"title":"Un beau texte de Jean, sur la mani\u00e8re d\u2019appr\u00e9hender la vie et la mort - Melonic","robots":{"index":"index","follow":"follow","max-snippet":"max-snippet:-1","max-image-preview":"max-image-preview:large","max-video-preview":"max-video-preview:-1"},"canonical":"https:\/\/melonic.be\/j\/un-beau-texte-de-jean-sur-la-maniere-dapprehender-la-vie-et-la-mort\/","og_locale":"fr_FR","og_type":"article","og_title":"Un beau texte de Jean, sur la mani\u00e8re d\u2019appr\u00e9hender la vie et la mort - Melonic","og_description":"Un jour, nous serons tous m\u00e9diums et gu\u00e9risseurs. Notre monde est g\u00e9r\u00e9, manipul\u00e9, par une poign\u00e9e de personnes. Ces individus ont cr\u00e9\u00e9 et nous ont inocul\u00e9 le virus de l\u2019argent et du pouvoir, du chacun pour soi, de la possession \u00e0 tous prix. En suivant leur enseignement, nous nous sommes appauvris de notre raison d\u2019\u00eatre [&hellip;]","og_url":"https:\/\/melonic.be\/j\/un-beau-texte-de-jean-sur-la-maniere-dapprehender-la-vie-et-la-mort\/","og_site_name":"Melonic","article_published_time":"2019-04-27T14:11:05+00:00","og_image":[{"url":"http:\/\/melonic.be\/j\/wp-content\/uploads\/2019\/04\/05.jpg","type":"","width":"","height":""}],"author":"admin14","twitter_card":"summary_large_image","twitter_misc":{"\u00c9crit par":"admin14","Dur\u00e9e de lecture estim\u00e9e":"11 minutes"},"schema":{"@context":"https:\/\/schema.org","@graph":[{"@type":"Article","@id":"https:\/\/melonic.be\/j\/un-beau-texte-de-jean-sur-la-maniere-dapprehender-la-vie-et-la-mort\/#article","isPartOf":{"@id":"https:\/\/melonic.be\/j\/un-beau-texte-de-jean-sur-la-maniere-dapprehender-la-vie-et-la-mort\/"},"author":{"name":"admin14","@id":"https:\/\/melonic.be\/j\/#\/schema\/person\/d9c6b5fa47da8174958ee6a57ab62df4"},"headline":"Un beau texte de Jean, sur la mani\u00e8re d\u2019appr\u00e9hender la vie et la mort","datePublished":"2019-04-27T14:11:05+00:00","mainEntityOfPage":{"@id":"https:\/\/melonic.be\/j\/un-beau-texte-de-jean-sur-la-maniere-dapprehender-la-vie-et-la-mort\/"},"wordCount":2219,"publisher":{"@id":"https:\/\/melonic.be\/j\/#\/schema\/person\/16854370e1792906f271cdce232cd4f3"},"image":{"@id":"https:\/\/melonic.be\/j\/un-beau-texte-de-jean-sur-la-maniere-dapprehender-la-vie-et-la-mort\/#primaryimage"},"thumbnailUrl":"http:\/\/melonic.be\/j\/wp-content\/uploads\/2019\/04\/05.jpg","articleSection":["Textes"],"inLanguage":"fr-FR"},{"@type":"WebPage","@id":"https:\/\/melonic.be\/j\/un-beau-texte-de-jean-sur-la-maniere-dapprehender-la-vie-et-la-mort\/","url":"https:\/\/melonic.be\/j\/un-beau-texte-de-jean-sur-la-maniere-dapprehender-la-vie-et-la-mort\/","name":"Un beau texte de Jean, sur la mani\u00e8re d\u2019appr\u00e9hender la vie et la mort - Melonic","isPartOf":{"@id":"https:\/\/melonic.be\/j\/#website"},"primaryImageOfPage":{"@id":"https:\/\/melonic.be\/j\/un-beau-texte-de-jean-sur-la-maniere-dapprehender-la-vie-et-la-mort\/#primaryimage"},"image":{"@id":"https:\/\/melonic.be\/j\/un-beau-texte-de-jean-sur-la-maniere-dapprehender-la-vie-et-la-mort\/#primaryimage"},"thumbnailUrl":"http:\/\/melonic.be\/j\/wp-content\/uploads\/2019\/04\/05.jpg","datePublished":"2019-04-27T14:11:05+00:00","breadcrumb":{"@id":"https:\/\/melonic.be\/j\/un-beau-texte-de-jean-sur-la-maniere-dapprehender-la-vie-et-la-mort\/#breadcrumb"},"inLanguage":"fr-FR","potentialAction":[{"@type":"ReadAction","target":["https:\/\/melonic.be\/j\/un-beau-texte-de-jean-sur-la-maniere-dapprehender-la-vie-et-la-mort\/"]}]},{"@type":"ImageObject","inLanguage":"fr-FR","@id":"https:\/\/melonic.be\/j\/un-beau-texte-de-jean-sur-la-maniere-dapprehender-la-vie-et-la-mort\/#primaryimage","url":"https:\/\/melonic.be\/j\/wp-content\/uploads\/2019\/04\/05.jpg","contentUrl":"https:\/\/melonic.be\/j\/wp-content\/uploads\/2019\/04\/05.jpg","width":168,"height":134},{"@type":"BreadcrumbList","@id":"https:\/\/melonic.be\/j\/un-beau-texte-de-jean-sur-la-maniere-dapprehender-la-vie-et-la-mort\/#breadcrumb","itemListElement":[{"@type":"ListItem","position":1,"name":"Accueil","item":"https:\/\/melonic.be\/j\/"},{"@type":"ListItem","position":2,"name":"Un beau texte de Jean, sur la mani\u00e8re d\u2019appr\u00e9hender la vie et la mort"}]},{"@type":"WebSite","@id":"https:\/\/melonic.be\/j\/#website","url":"https:\/\/melonic.be\/j\/","name":"Melonic","description":"","publisher":{"@id":"https:\/\/melonic.be\/j\/#\/schema\/person\/16854370e1792906f271cdce232cd4f3"},"potentialAction":[{"@type":"SearchAction","target":{"@type":"EntryPoint","urlTemplate":"https:\/\/melonic.be\/j\/?s={search_term_string}"},"query-input":{"@type":"PropertyValueSpecification","valueRequired":true,"valueName":"search_term_string"}}],"inLanguage":"fr-FR"},{"@type":["Person","Organization"],"@id":"https:\/\/melonic.be\/j\/#\/schema\/person\/16854370e1792906f271cdce232cd4f3","name":"Nicole Incourt","image":{"@type":"ImageObject","inLanguage":"fr-FR","@id":"https:\/\/melonic.be\/j\/wp-content\/uploads\/2019\/04\/cropped-logo_banner.png","url":"https:\/\/melonic.be\/j\/wp-content\/uploads\/2019\/04\/cropped-logo_banner.png","contentUrl":"https:\/\/melonic.be\/j\/wp-content\/uploads\/2019\/04\/cropped-logo_banner.png","width":410,"height":106,"caption":"Nicole Incourt"},"logo":{"@id":"https:\/\/melonic.be\/j\/wp-content\/uploads\/2019\/04\/cropped-logo_banner.png"}},{"@type":"Person","@id":"https:\/\/melonic.be\/j\/#\/schema\/person\/d9c6b5fa47da8174958ee6a57ab62df4","name":"admin14","image":{"@type":"ImageObject","inLanguage":"fr-FR","@id":"https:\/\/secure.gravatar.com\/avatar\/4a86592b9beff6a6f784e666b77ff45ac5d319f7e46e905b0757b1780f53d8a8?s=96&d=mm&r=g","url":"https:\/\/secure.gravatar.com\/avatar\/4a86592b9beff6a6f784e666b77ff45ac5d319f7e46e905b0757b1780f53d8a8?s=96&d=mm&r=g","contentUrl":"https:\/\/secure.gravatar.com\/avatar\/4a86592b9beff6a6f784e666b77ff45ac5d319f7e46e905b0757b1780f53d8a8?s=96&d=mm&r=g","caption":"admin14"},"url":"https:\/\/melonic.be\/j\/author\/admin14\/"}]}},"_links":{"self":[{"href":"https:\/\/melonic.be\/j\/wp-json\/wp\/v2\/posts\/1993","targetHints":{"allow":["GET"]}}],"collection":[{"href":"https:\/\/melonic.be\/j\/wp-json\/wp\/v2\/posts"}],"about":[{"href":"https:\/\/melonic.be\/j\/wp-json\/wp\/v2\/types\/post"}],"author":[{"embeddable":true,"href":"https:\/\/melonic.be\/j\/wp-json\/wp\/v2\/users\/1"}],"replies":[{"embeddable":true,"href":"https:\/\/melonic.be\/j\/wp-json\/wp\/v2\/comments?post=1993"}],"version-history":[{"count":1,"href":"https:\/\/melonic.be\/j\/wp-json\/wp\/v2\/posts\/1993\/revisions"}],"predecessor-version":[{"id":1997,"href":"https:\/\/melonic.be\/j\/wp-json\/wp\/v2\/posts\/1993\/revisions\/1997"}],"wp:attachment":[{"href":"https:\/\/melonic.be\/j\/wp-json\/wp\/v2\/media?parent=1993"}],"wp:term":[{"taxonomy":"category","embeddable":true,"href":"https:\/\/melonic.be\/j\/wp-json\/wp\/v2\/categories?post=1993"},{"taxonomy":"post_tag","embeddable":true,"href":"https:\/\/melonic.be\/j\/wp-json\/wp\/v2\/tags?post=1993"}],"curies":[{"name":"wp","href":"https:\/\/api.w.org\/{rel}","templated":true}]}}